{"id":162507,"date":"2022-07-21T09:00:00","date_gmt":"2022-07-21T07:00:00","guid":{"rendered":"http:\/\/www.tucomarca.com\/wordpress\/segunda\/?p=162507"},"modified":"2022-07-22T19:00:01","modified_gmt":"2022-07-22T17:00:01","slug":"requena-constituye-la-comision-gestora-de-la-fiesta-de-la-vendimia","status":"publish","type":"post","link":"https:\/\/www.tucomarca.com\/wordpress\/segunda\/requena-constituye-la-comision-gestora-de-la-fiesta-de-la-vendimia\/","title":{"rendered":"Requena constituye la Comisi\u00f3n Gestora de la Fiesta de la Vendimia"},"content":{"rendered":"\n<p>La comisi\u00f3n gestora de la Fiesta de la Vendimia fue constituida el pasado mi\u00e9rcoles 20 de julio.<\/p>\n\n\n\n<p>Tras la pasada asamblea de socios en la cual la comisi\u00f3n ejecutiva de la Asociaci\u00f3n Fiesta de la Vendimia acababa su mandato sin que se presentase nadie, tal y como marcan los estatutos, es responsabilidad de los presidentes de las \u00faltimas diez ediciones . Estas comprenden de la 63 a la 72 .<\/p>\n\n\n\n<p>La comisi\u00f3n gestora, tiene como \u00fanica finalidad poder dar de nuevo la oportunidad a los socios de que presenten candidatura a la presidencia, o en caso de que no hubiera ninguna&nbsp; corresponder\u00eda la liquidaci\u00f3n. Para la nueva asamblea est\u00e1 previsto que se pueda realizar su convocatoria en las pr\u00f3ximas semanas y as\u00ed poder desarrollarla a finales del mes de septiembre.<\/p>\n\n\n\n<p>El reparto de funciones en la comisi\u00f3n gestora formada por los presidentes de las ultimas diez ediciones se ha formalizado de la siguiente manera:<\/p>\n\n\n\n<p>Presidente<\/p>\n\n\n\n<p>Alberto Garc\u00eda Caba\u00f1as&nbsp;<\/p>\n\n\n\n<p>(Presidente de las ediciones 62, 66, 70 y 72)<\/p>\n\n\n\n<p>Vicepresidente&nbsp;<\/p>\n\n\n\n<p>Jes\u00fas Fernando P\u00e9rez Mart\u00ednez&nbsp;<\/p>\n\n\n\n<p>(Presidente de la edici\u00f3n 67)<\/p>\n\n\n\n<p>Secretario&nbsp;<\/p>\n\n\n\n<p>Antonio Mu\u00f1oz Mart\u00ednez&nbsp;<\/p>\n\n\n\n<p>(Presidente de la edici\u00f3n 69)<\/p>\n\n\n\n<p>Tesorero<\/p>\n\n\n\n<p>Alberto Ponce P\u00e9rez&nbsp;<\/p>\n\n\n\n<p>(Presidente de la edici\u00f3n 63)<\/p>\n\n\n\n<p>Vocales<\/p>\n\n\n\n<p>Elias Briones Rodr\u00edguez&nbsp;<\/p>\n\n\n\n<p>(Presidente de la edici\u00f3n 68)<\/p>\n\n\n\n<p>Jos\u00e9 Antonio Cebri\u00e1n Mart\u00ednez&nbsp;<\/p>\n\n\n\n<p>(Presidente de la edici\u00f3n 71)<\/p>\n\n\n\n<p>Carlos Manuel Zahonero S\u00e1nchez<\/p>\n\n\n\n<p>(Presidente de la edici\u00f3n 64)<\/p>\n\n\n\n<div class=\"wp-block-group\"><div class=\"wp-block-group__inner-container is-layout-flow wp-block-group-is-layout-flow\">\n<p>Arturo Domingo Hern\u00e1ndez&nbsp;<\/p>\n\n\n\n<p>(Presidente de la edici\u00f3n 65)<\/p>\n\n\n\n<p>Informa, <strong>Luis Ib\u00e1\u00f1ez<\/strong>.<\/p>\n<\/div><\/div>\n","protected":false},"excerpt":{"rendered":"<div class=\"mh-excerpt\">La comisi\u00f3n gestora de la Fiesta de la Vendimia fue constituida el pasado mi\u00e9rcoles 20 de julio. Tras la pasada asamblea de socios en la cual la comisi\u00f3n ejecutiva de la Asociaci\u00f3n Fiesta de la <a class=\"mh-excerpt-more\" href=\"https:\/\/www.tucomarca.com\/wordpress\/segunda\/requena-constituye-la-comision-gestora-de-la-fiesta-de-la-vendimia\/\" title=\"Requena constituye la Comisi\u00f3n Gestora de la Fiesta de la Vendimia\">[+] <\/a><\/div>\n","protected":false},"author":13,"featured_media":62494,"comment_status":"open","ping_status":"open","sticky":false,"template":"","format":"standard","meta":{"footnotes":""},"categories":[113,8,28,27,3],"tags":[8660,10388,10387],"class_list":{"0":"post-162507","1":"post","2":"type-post","3":"status-publish","4":"format-standard","5":"has-post-thumbnail","7":"category-vinos","8":"category-la-comarca","9":"category-requena","10":"category-requena-utiel","11":"category-seccion","12":"tag-fiesta-vendimia","13":"tag-requena","14":"tag-requena-utiel"},"_links":{"self":[{"href":"https:\/\/www.tucomarca.com\/wordpress\/segunda\/wp-json\/wp\/v2\/posts\/162507","targetHints":{"allow":["GET"]}}],"collection":[{"href":"https:\/\/www.tucomarca.com\/wordpress\/segunda\/wp-json\/wp\/v2\/posts"}],"about":[{"href":"https:\/\/www.tucomarca.com\/wordpress\/segunda\/wp-json\/wp\/v2\/types\/post"}],"author":[{"embeddable":true,"href":"https:\/\/www.tucomarca.com\/wordpress\/segunda\/wp-json\/wp\/v2\/users\/13"}],"replies":[{"embeddable":true,"href":"https:\/\/www.tucomarca.com\/wordpress\/segunda\/wp-json\/wp\/v2\/comments?post=162507"}],"version-history":[{"count":0,"href":"https:\/\/www.tucomarca.com\/wordpress\/segunda\/wp-json\/wp\/v2\/posts\/162507\/revisions"}],"wp:featuredmedia":[{"embeddable":true,"href":"https:\/\/www.tucomarca.com\/wordpress\/segunda\/wp-json\/wp\/v2\/media\/62494"}],"wp:attachment":[{"href":"https:\/\/www.tucomarca.com\/wordpress\/segunda\/wp-json\/wp\/v2\/media?parent=162507"}],"wp:term":[{"taxonomy":"category","embeddable":true,"href":"https:\/\/www.tucomarca.com\/wordpress\/segunda\/wp-json\/wp\/v2\/categories?post=162507"},{"taxonomy":"post_tag","embeddable":true,"href":"https:\/\/www.tucomarca.com\/wordpress\/segunda\/wp-json\/wp\/v2\/tags?post=162507"}],"curies":[{"name":"wp","href":"https:\/\/api.w.org\/{rel}","templated":true}]}}