{"id":16260,"date":"2013-07-08T12:40:16","date_gmt":"2013-07-08T09:40:16","guid":{"rendered":"http:\/\/www.tucomarca.com\/wordpress\/segunda\/?p=16260"},"modified":"2013-07-08T12:40:23","modified_gmt":"2013-07-08T09:40:23","slug":"el-cd-cheste-da-paso-a-los-jugadores-de-la-cantera","status":"publish","type":"post","link":"https:\/\/www.tucomarca.com\/wordpress\/segunda\/el-cd-cheste-da-paso-a-los-jugadores-de-la-cantera\/","title":{"rendered":"El CD Cheste da paso a los jugadores de la cantera"},"content":{"rendered":"<p><figure id=\"attachment_16261\" aria-describedby=\"caption-attachment-16261\" style=\"width: 300px\" class=\"wp-caption alignleft\"><a href=\"https:\/\/www.tucomarca.com\/wordpress\/segunda\/?attachment_id=16261\" rel=\"attachment wp-att-16261\"><img loading=\"lazy\" decoding=\"async\" src=\"https:\/\/www.tucomarca.com\/wordpress\/segunda\/wp-content\/uploads\/2013\/07\/Pablo-300x225.jpg\" alt=\"\" title=\"Pablo\" width=\"300\" height=\"225\" class=\"size-medium wp-image-16261\" srcset=\"https:\/\/www.tucomarca.com\/wordpress\/segunda\/wp-content\/uploads\/2013\/07\/Pablo-300x225.jpg 300w, https:\/\/www.tucomarca.com\/wordpress\/segunda\/wp-content\/uploads\/2013\/07\/Pablo-1024x768.jpg 1024w\" sizes=\"auto, (max-width: 300px) 100vw, 300px\" \/><\/a><figcaption id=\"caption-attachment-16261\" class=\"wp-caption-text\">Pablo, m\u00e1ximo goleador del CD Cheste Juvenil. tc.c<\/figcaption><\/figure>Los jugadores del CD Cheste juvenil Tatay, Juan Carlos y Pablo formar\u00e1n parte de la plantilla del primer equipo la pr\u00f3xima temporada a las \u00f3rdenes de Gustavo Embela. Los tres futbolistas han sido piezas clave para el ascenso y consecuci\u00f3n del campeonato por parte del equipo Juvenil la pasada campa\u00f1a, pues entre los tres jugadores consiguieron  52 goles, de los cuales 28 fueron obra de Pablo, 17 los consigui\u00f3 Juan Carlos y 7 Tatay. Adem\u00e1s, los j\u00f3venes participaron en varios partidos de liga con el primer equipo en las \u00faltimas jornadas del pasado campeonato. Informa Chimo Mir.<\/p>\n","protected":false},"excerpt":{"rendered":"<div class=\"mh-excerpt\">Los jugadores del CD Cheste juvenil Tatay, Juan Carlos y Pablo formar\u00e1n parte de la plantilla del primer equipo la pr\u00f3xima temporada a las \u00f3rdenes de Gustavo Embela. Los tres futbolistas han sido piezas clave <a class=\"mh-excerpt-more\" href=\"https:\/\/www.tucomarca.com\/wordpress\/segunda\/el-cd-cheste-da-paso-a-los-jugadores-de-la-cantera\/\" title=\"El CD Cheste da paso a los jugadores de la cantera\">[+] <\/a><\/div>\n","protected":false},"author":2,"featured_media":16261,"comment_status":"open","ping_status":"open","sticky":false,"template":"","format":"standard","meta":{"footnotes":""},"categories":[17,6,10,3],"tags":[1386,469,1387,735],"class_list":{"0":"post-16260","1":"post","2":"type-post","3":"status-publish","4":"format-standard","5":"has-post-thumbnail","7":"category-cheste","8":"category-deportes","9":"category-la-hoya","10":"category-seccion","11":"tag-cantera","12":"tag-cd-cheste","13":"tag-futbolistas","14":"tag-juvenil"},"_links":{"self":[{"href":"https:\/\/www.tucomarca.com\/wordpress\/segunda\/wp-json\/wp\/v2\/posts\/16260","targetHints":{"allow":["GET"]}}],"collection":[{"href":"https:\/\/www.tucomarca.com\/wordpress\/segunda\/wp-json\/wp\/v2\/posts"}],"about":[{"href":"https:\/\/www.tucomarca.com\/wordpress\/segunda\/wp-json\/wp\/v2\/types\/post"}],"author":[{"embeddable":true,"href":"https:\/\/www.tucomarca.com\/wordpress\/segunda\/wp-json\/wp\/v2\/users\/2"}],"replies":[{"embeddable":true,"href":"https:\/\/www.tucomarca.com\/wordpress\/segunda\/wp-json\/wp\/v2\/comments?post=16260"}],"version-history":[{"count":0,"href":"https:\/\/www.tucomarca.com\/wordpress\/segunda\/wp-json\/wp\/v2\/posts\/16260\/revisions"}],"wp:featuredmedia":[{"embeddable":true,"href":"https:\/\/www.tucomarca.com\/wordpress\/segunda\/wp-json\/wp\/v2\/media\/16261"}],"wp:attachment":[{"href":"https:\/\/www.tucomarca.com\/wordpress\/segunda\/wp-json\/wp\/v2\/media?parent=16260"}],"wp:term":[{"taxonomy":"category","embeddable":true,"href":"https:\/\/www.tucomarca.com\/wordpress\/segunda\/wp-json\/wp\/v2\/categories?post=16260"},{"taxonomy":"post_tag","embeddable":true,"href":"https:\/\/www.tucomarca.com\/wordpress\/segunda\/wp-json\/wp\/v2\/tags?post=16260"}],"curies":[{"name":"wp","href":"https:\/\/api.w.org\/{rel}","templated":true}]}}