{"id":162721,"date":"2022-07-26T11:00:00","date_gmt":"2022-07-26T09:00:00","guid":{"rendered":"http:\/\/www.tucomarca.com\/wordpress\/segunda\/?p=162721"},"modified":"2022-07-26T15:42:00","modified_gmt":"2022-07-26T13:42:00","slug":"fotogaleria-cheste-celebra-las-tradicionales-cenas-con-espectaculo-en-la-plaza-de-la-ii-republica","status":"publish","type":"post","link":"https:\/\/www.tucomarca.com\/wordpress\/segunda\/fotogaleria-cheste-celebra-las-tradicionales-cenas-con-espectaculo-en-la-plaza-de-la-ii-republica\/","title":{"rendered":"Fotogaler\u00eda: Cheste celebra las tradicionales cenas con espect\u00e1culo en la plaza de la II Rep\u00fablica"},"content":{"rendered":"\n<p>Las Fiestas de Julio han llegado a su recta final con la celebraci\u00f3n de las tradicionales cenas al aire libre con espect\u00e1culo. El pasado viernes, 21 de julio, la plaza II Rep\u00fablica alberg\u00f3 a un millar de personas que se congregaron para cenar al aire libre entre amistades y disfrutar del espect\u00e1culo programado para esa noche: un mon\u00f3logo a cargo de la actriz, c\u00f3mica y presentadora abulense Sara Escudero.<\/p>\n\n\n\n<p>El s\u00e1bado 22 de julio, superando las cifras de participaci\u00f3n con el recinto de la plaza lleno, tuvo lugar el tributo a Raffaela Carr\u00e0, a cargo de la compa\u00f1\u00eda Espect\u00e1culos Sergio Sevilla.<\/p>\n\n\n\n<p>Como cada a\u00f1o, la Falla Industria y Comercio y la Falla Barrio de la Alegr\u00eda fueron las encargadas de ofrecer la sangr\u00eda de las cenas y tambi\u00e9n organizaron un bingo antes de que comenzaran los espect\u00e1culos.&nbsp;<\/p>\n\n\n\n<p>Las fiestas finalizar\u00e1n esta semana con la Semana Taurina, que se realizar\u00e1 del 26 al 31 de julio y con la celebraci\u00f3n de la Fiesta de los Almuerzos, que tendr\u00e1 lugar el pr\u00f3ximo s\u00e1bado, 30 de julio, a partir de las 12:00 en el aparcamiento del polideportivo municipal.<\/p>\n\n\n\n<figure class=\"wp-block-gallery columns-3 is-cropped wp-block-gallery-1 is-layout-flex wp-block-gallery-is-layout-flex\"><ul class=\"blocks-gallery-grid\"><li class=\"blocks-gallery-item\"><figure><img loading=\"lazy\" decoding=\"async\" width=\"1024\" height=\"683\" src=\"https:\/\/www.tucomarca.com\/wordpress\/segunda\/wp-content\/uploads\/2022\/07\/220725_Cenas-en-la-plaza_6-1024x683.jpg\" alt=\"\" data-id=\"162784\" data-link=\"https:\/\/www.tucomarca.com\/wordpress\/segunda\/?attachment_id=162784\" class=\"wp-image-162784\" srcset=\"https:\/\/www.tucomarca.com\/wordpress\/segunda\/wp-content\/uploads\/2022\/07\/220725_Cenas-en-la-plaza_6-1024x683.jpg 1024w, https:\/\/www.tucomarca.com\/wordpress\/segunda\/wp-content\/uploads\/2022\/07\/220725_Cenas-en-la-plaza_6-300x200.jpg 300w, https:\/\/www.tucomarca.com\/wordpress\/segunda\/wp-content\/uploads\/2022\/07\/220725_Cenas-en-la-plaza_6-768x512.jpg 768w, https:\/\/www.tucomarca.com\/wordpress\/segunda\/wp-content\/uploads\/2022\/07\/220725_Cenas-en-la-plaza_6-1536x1024.jpg 1536w, https:\/\/www.tucomarca.com\/wordpress\/segunda\/wp-content\/uploads\/2022\/07\/220725_Cenas-en-la-plaza_6-2048x1365.jpg 2048w\" sizes=\"auto, (max-width: 1024px) 100vw, 1024px\" \/><\/figure><\/li><li class=\"blocks-gallery-item\"><figure><img loading=\"lazy\" decoding=\"async\" width=\"1024\" height=\"683\" src=\"https:\/\/www.tucomarca.com\/wordpress\/segunda\/wp-content\/uploads\/2022\/07\/220725_Cenas-en-la-plaza_1-1-1024x683.jpg\" alt=\"\" data-id=\"162786\" data-link=\"https:\/\/www.tucomarca.com\/wordpress\/segunda\/?attachment_id=162786\" class=\"wp-image-162786\" srcset=\"https:\/\/www.tucomarca.com\/wordpress\/segunda\/wp-content\/uploads\/2022\/07\/220725_Cenas-en-la-plaza_1-1-1024x683.jpg 1024w, https:\/\/www.tucomarca.com\/wordpress\/segunda\/wp-content\/uploads\/2022\/07\/220725_Cenas-en-la-plaza_1-1-300x200.jpg 300w, https:\/\/www.tucomarca.com\/wordpress\/segunda\/wp-content\/uploads\/2022\/07\/220725_Cenas-en-la-plaza_1-1-768x512.jpg 768w, https:\/\/www.tucomarca.com\/wordpress\/segunda\/wp-content\/uploads\/2022\/07\/220725_Cenas-en-la-plaza_1-1-1536x1024.jpg 1536w, https:\/\/www.tucomarca.com\/wordpress\/segunda\/wp-content\/uploads\/2022\/07\/220725_Cenas-en-la-plaza_1-1-2048x1365.jpg 2048w\" sizes=\"auto, (max-width: 1024px) 100vw, 1024px\" \/><\/figure><\/li><li class=\"blocks-gallery-item\"><figure><img loading=\"lazy\" decoding=\"async\" width=\"1024\" height=\"683\" src=\"https:\/\/www.tucomarca.com\/wordpress\/segunda\/wp-content\/uploads\/2022\/07\/220725_Cenas-en-la-plaza_9-2-1024x683.jpg\" alt=\"\" data-id=\"162788\" data-full-url=\"https:\/\/www.tucomarca.com\/wordpress\/segunda\/wp-content\/uploads\/2022\/07\/220725_Cenas-en-la-plaza_9-2-scaled.jpg\" data-link=\"https:\/\/www.tucomarca.com\/wordpress\/segunda\/?attachment_id=162788\" class=\"wp-image-162788\" srcset=\"https:\/\/www.tucomarca.com\/wordpress\/segunda\/wp-content\/uploads\/2022\/07\/220725_Cenas-en-la-plaza_9-2-1024x683.jpg 1024w, https:\/\/www.tucomarca.com\/wordpress\/segunda\/wp-content\/uploads\/2022\/07\/220725_Cenas-en-la-plaza_9-2-300x200.jpg 300w, https:\/\/www.tucomarca.com\/wordpress\/segunda\/wp-content\/uploads\/2022\/07\/220725_Cenas-en-la-plaza_9-2-768x512.jpg 768w, https:\/\/www.tucomarca.com\/wordpress\/segunda\/wp-content\/uploads\/2022\/07\/220725_Cenas-en-la-plaza_9-2-1536x1024.jpg 1536w, https:\/\/www.tucomarca.com\/wordpress\/segunda\/wp-content\/uploads\/2022\/07\/220725_Cenas-en-la-plaza_9-2-2048x1365.jpg 2048w\" sizes=\"auto, (max-width: 1024px) 100vw, 1024px\" \/><\/figure><\/li><\/ul><\/figure>\n","protected":false},"excerpt":{"rendered":"<div class=\"mh-excerpt\">Las Fiestas de Julio han llegado a su recta final con la celebraci\u00f3n de las tradicionales cenas al aire libre con espect\u00e1culo. El pasado viernes, 21 de julio, la plaza II Rep\u00fablica alberg\u00f3 a un <a class=\"mh-excerpt-more\" href=\"https:\/\/www.tucomarca.com\/wordpress\/segunda\/fotogaleria-cheste-celebra-las-tradicionales-cenas-con-espectaculo-en-la-plaza-de-la-ii-republica\/\" title=\"Fotogaler\u00eda: Cheste celebra las tradicionales cenas con espect\u00e1culo en la plaza de la II Rep\u00fablica\">[+] <\/a><\/div>\n","protected":false},"author":13,"featured_media":162722,"comment_status":"open","ping_status":"open","sticky":false,"template":"","format":"gallery","meta":{"footnotes":""},"categories":[17,10,5,383,3],"tags":[339,5952,15855],"class_list":{"0":"post-162721","1":"post","2":"type-post","3":"status-publish","4":"format-gallery","5":"has-post-thumbnail","7":"category-cheste","8":"category-la-hoya","9":"category-la-semana-en-imagenes","10":"category-pueblos-en-fiestas","11":"category-seccion","12":"tag-cheste-2","13":"tag-la-hoya-de-bunol-chiva","14":"tag-ocio-y-cultura","15":"post_format-post-format-gallery"},"_links":{"self":[{"href":"https:\/\/www.tucomarca.com\/wordpress\/segunda\/wp-json\/wp\/v2\/posts\/162721","targetHints":{"allow":["GET"]}}],"collection":[{"href":"https:\/\/www.tucomarca.com\/wordpress\/segunda\/wp-json\/wp\/v2\/posts"}],"about":[{"href":"https:\/\/www.tucomarca.com\/wordpress\/segunda\/wp-json\/wp\/v2\/types\/post"}],"author":[{"embeddable":true,"href":"https:\/\/www.tucomarca.com\/wordpress\/segunda\/wp-json\/wp\/v2\/users\/13"}],"replies":[{"embeddable":true,"href":"https:\/\/www.tucomarca.com\/wordpress\/segunda\/wp-json\/wp\/v2\/comments?post=162721"}],"version-history":[{"count":0,"href":"https:\/\/www.tucomarca.com\/wordpress\/segunda\/wp-json\/wp\/v2\/posts\/162721\/revisions"}],"wp:featuredmedia":[{"embeddable":true,"href":"https:\/\/www.tucomarca.com\/wordpress\/segunda\/wp-json\/wp\/v2\/media\/162722"}],"wp:attachment":[{"href":"https:\/\/www.tucomarca.com\/wordpress\/segunda\/wp-json\/wp\/v2\/media?parent=162721"}],"wp:term":[{"taxonomy":"category","embeddable":true,"href":"https:\/\/www.tucomarca.com\/wordpress\/segunda\/wp-json\/wp\/v2\/categories?post=162721"},{"taxonomy":"post_tag","embeddable":true,"href":"https:\/\/www.tucomarca.com\/wordpress\/segunda\/wp-json\/wp\/v2\/tags?post=162721"}],"curies":[{"name":"wp","href":"https:\/\/api.w.org\/{rel}","templated":true}]}}