{"id":162741,"date":"2022-07-26T18:45:00","date_gmt":"2022-07-26T16:45:00","guid":{"rendered":"http:\/\/www.tucomarca.com\/wordpress\/segunda\/?p=162741"},"modified":"2022-07-27T12:31:28","modified_gmt":"2022-07-27T10:31:28","slug":"los-duques-prepara-los-actos-de-sus-fiestas-del-melon","status":"publish","type":"post","link":"https:\/\/www.tucomarca.com\/wordpress\/segunda\/los-duques-prepara-los-actos-de-sus-fiestas-del-melon\/","title":{"rendered":"Los Duques prepara los actos de sus fiestas del Mel\u00f3n"},"content":{"rendered":"\n<p>La pedan\u00eda de Los Duques, en el municipio de Requena, celebrar\u00e1 entre los d\u00edas 5 y 15 de agosto sus tradicionales fiestas del Mel\u00f3n. La comisi\u00f3n organizadora ha preparado con esmero un plet\u00f3rico programa de festejos que incluye varias actuaciones musicales y una cabalgata de carrozas y disfraces, entre otros.<\/p>\n\n\n\n<p>El preg\u00f3n anunciador de las fiestas correr\u00e1 a cargo de Vicente Garc\u00eda Mart\u00ednez, fundador de la bodega Pago de Tharsys y persona de gran relevancia en el mundo del vino y del cava. De hecho, se le conoce como el padre del cava valenciano.<\/p>\n\n\n\n<p>En el plano agr\u00edcola , a los Duques no solo se le conoce por sus excelentes vinos, sino tambi\u00e9n por los exquisitos melones que producen agricultores de la pedan\u00eda. Informa, <strong>Luis Ib\u00e1\u00f1ez<\/strong>.<\/p>\n","protected":false},"excerpt":{"rendered":"<div class=\"mh-excerpt\">La pedan\u00eda de Los Duques, en el municipio de Requena, celebrar\u00e1 entre los d\u00edas 5 y 15 de agosto sus tradicionales fiestas del Mel\u00f3n. La comisi\u00f3n organizadora ha preparado con esmero un plet\u00f3rico programa de <a class=\"mh-excerpt-more\" href=\"https:\/\/www.tucomarca.com\/wordpress\/segunda\/los-duques-prepara-los-actos-de-sus-fiestas-del-melon\/\" title=\"Los Duques prepara los actos de sus fiestas del Mel\u00f3n\">[+] <\/a><\/div>\n","protected":false},"author":13,"featured_media":162762,"comment_status":"open","ping_status":"open","sticky":false,"template":"","format":"standard","meta":{"footnotes":""},"categories":[4,8,28,27,3],"tags":[355,10388,10387],"class_list":{"0":"post-162741","1":"post","2":"type-post","3":"status-publish","4":"format-standard","5":"has-post-thumbnail","7":"category-agenda","8":"category-la-comarca","9":"category-requena","10":"category-requena-utiel","11":"category-seccion","12":"tag-fiestas","13":"tag-requena","14":"tag-requena-utiel"},"_links":{"self":[{"href":"https:\/\/www.tucomarca.com\/wordpress\/segunda\/wp-json\/wp\/v2\/posts\/162741","targetHints":{"allow":["GET"]}}],"collection":[{"href":"https:\/\/www.tucomarca.com\/wordpress\/segunda\/wp-json\/wp\/v2\/posts"}],"about":[{"href":"https:\/\/www.tucomarca.com\/wordpress\/segunda\/wp-json\/wp\/v2\/types\/post"}],"author":[{"embeddable":true,"href":"https:\/\/www.tucomarca.com\/wordpress\/segunda\/wp-json\/wp\/v2\/users\/13"}],"replies":[{"embeddable":true,"href":"https:\/\/www.tucomarca.com\/wordpress\/segunda\/wp-json\/wp\/v2\/comments?post=162741"}],"version-history":[{"count":0,"href":"https:\/\/www.tucomarca.com\/wordpress\/segunda\/wp-json\/wp\/v2\/posts\/162741\/revisions"}],"wp:featuredmedia":[{"embeddable":true,"href":"https:\/\/www.tucomarca.com\/wordpress\/segunda\/wp-json\/wp\/v2\/media\/162762"}],"wp:attachment":[{"href":"https:\/\/www.tucomarca.com\/wordpress\/segunda\/wp-json\/wp\/v2\/media?parent=162741"}],"wp:term":[{"taxonomy":"category","embeddable":true,"href":"https:\/\/www.tucomarca.com\/wordpress\/segunda\/wp-json\/wp\/v2\/categories?post=162741"},{"taxonomy":"post_tag","embeddable":true,"href":"https:\/\/www.tucomarca.com\/wordpress\/segunda\/wp-json\/wp\/v2\/tags?post=162741"}],"curies":[{"name":"wp","href":"https:\/\/api.w.org\/{rel}","templated":true}]}}