{"id":162742,"date":"2022-07-26T18:55:00","date_gmt":"2022-07-26T16:55:00","guid":{"rendered":"http:\/\/www.tucomarca.com\/wordpress\/segunda\/?p=162742"},"modified":"2022-07-26T21:01:18","modified_gmt":"2022-07-26T19:01:18","slug":"la-artistica-clausura-la-xvi-bienal-de-musica-de-bunol-que-ha-contado-con-una-elevada-asistencia-de-publico-y-con-el-aplauso-generalizado-al-programa-confeccionado","status":"publish","type":"post","link":"https:\/\/www.tucomarca.com\/wordpress\/segunda\/la-artistica-clausura-la-xvi-bienal-de-musica-de-bunol-que-ha-contado-con-una-elevada-asistencia-de-publico-y-con-el-aplauso-generalizado-al-programa-confeccionado\/","title":{"rendered":"\u201dLa Art\u00edstica\u201d clausura la XVI Bienal de M\u00fasica de Bu\u00f1ol que ha contado con una elevada asistencia de p\u00fablico y con el aplauso generalizado al programa confeccionado"},"content":{"rendered":"\n<p><strong>La banda sinf\u00f3nica de la Sociedad Musical \u201cLa Art\u00edstica\u201d de Bu\u00f1ol ha puesto el broche de oro a la XVI edici\u00f3n de la Bienal de M\u00fasica de la localidad, una de las que mayor asistencia de p\u00fablico ha registrado durante el m\u00e1s de un mes en el que se han desarrollado las propuestas musicales y culturales en la poblaci\u00f3n.<\/strong><\/p>\n\n\n\n<p><strong>El programa de los \u00faltimos d\u00edas se ha completado con recitales de jazz y m\u00fasica de c\u00e1mara en la Plaza de Armas del Castillo, el Auditorio de San Luis, la Sala El Mercado y la Posada Venta Pilar; as\u00ed como con la clausura de la Esmumbu.<\/strong><\/p>\n\n\n\n<p><strong>Las propuestas musicales se prolongar\u00e1n, no obstante, hasta el 20 de agosto, con el concierto \u201cMano a mano\u201d a cargo de las dos bandas bu\u00f1olenses; as\u00ed como con el recital de Ismael Serrano, el 12 de agosto; y con el concierto Homenaje al rock en Bu\u00f1ol, el 5 de agosto.&nbsp;<\/strong><\/p>\n\n\n\n<figure class=\"wp-block-image size-large\"><img loading=\"lazy\" decoding=\"async\" width=\"1024\" height=\"682\" src=\"https:\/\/www.tucomarca.com\/wordpress\/segunda\/wp-content\/uploads\/2022\/07\/13_FeosClausura-1024x682.jpg\" alt=\"\" class=\"wp-image-162833\" srcset=\"https:\/\/www.tucomarca.com\/wordpress\/segunda\/wp-content\/uploads\/2022\/07\/13_FeosClausura-1024x682.jpg 1024w, https:\/\/www.tucomarca.com\/wordpress\/segunda\/wp-content\/uploads\/2022\/07\/13_FeosClausura-300x200.jpg 300w, https:\/\/www.tucomarca.com\/wordpress\/segunda\/wp-content\/uploads\/2022\/07\/13_FeosClausura-768x512.jpg 768w, https:\/\/www.tucomarca.com\/wordpress\/segunda\/wp-content\/uploads\/2022\/07\/13_FeosClausura.jpg 1181w\" sizes=\"auto, (max-width: 1024px) 100vw, 1024px\" \/><\/figure>\n\n\n\n<p>La banda sinf\u00f3nica de la <strong>Sociedad Musical \u201cLa Art\u00edstica\u201d de Bu\u00f1ol<\/strong> ha puesto el broche de oro a la XVI edici\u00f3n de la Bienal de M\u00fasica de Bu\u00f1ol con su concierto en el Auditorio al aire libre del paseo de San Luis de este domingo por la tarde. Un recital que ha cerrado oficialmente m\u00e1s de un mes de propuestas y actividades musicales que se han desarrollado en diversos espacios culturales del municipio tales como la Plaza de Armas del Castillo, el Auditorio de San Luis, la Sala El Mercado o la Posada Venta Pilar; y que han contado no s\u00f3lo con una elevada asistencia, sino tambi\u00e9n con el aplauso generalizado del p\u00fablico al programa confeccionado.<\/p>\n\n\n\n<p>El director titular de \u201cLa Art\u00edstica\u201d, Mario Ortu\u00f1o, ha sido el encargado de guiar desde la tarima a una formaci\u00f3n que ha puesto en atril un atractivo programa bajo el nombre <em>\u201cDe Espa\u00f1a al mundo\u201d<\/em> compuesto en su primera parte por el pasodoble <em>La Primitiva<\/em>, de Jef Penders; la Rapsodia para Orquesta <em>Espa\u00f1a<\/em>, de Emmanuel Chabrier; y por la obra orquestal <em>Capriccio espagnol<\/em>, de Rimsky Korsakov.&nbsp;<\/p>\n\n\n\n<figure class=\"wp-block-image size-large\"><img loading=\"lazy\" decoding=\"async\" width=\"1024\" height=\"682\" src=\"https:\/\/www.tucomarca.com\/wordpress\/segunda\/wp-content\/uploads\/2022\/07\/11_FeosClausura-1024x682.jpg\" alt=\"\" class=\"wp-image-162829\" srcset=\"https:\/\/www.tucomarca.com\/wordpress\/segunda\/wp-content\/uploads\/2022\/07\/11_FeosClausura-1024x682.jpg 1024w, https:\/\/www.tucomarca.com\/wordpress\/segunda\/wp-content\/uploads\/2022\/07\/11_FeosClausura-300x200.jpg 300w, https:\/\/www.tucomarca.com\/wordpress\/segunda\/wp-content\/uploads\/2022\/07\/11_FeosClausura-768x512.jpg 768w, https:\/\/www.tucomarca.com\/wordpress\/segunda\/wp-content\/uploads\/2022\/07\/11_FeosClausura.jpg 1181w\" sizes=\"auto, (max-width: 1024px) 100vw, 1024px\" \/><\/figure>\n\n\n\n<figure class=\"wp-block-image size-large\"><img loading=\"lazy\" decoding=\"async\" width=\"1024\" height=\"682\" src=\"https:\/\/www.tucomarca.com\/wordpress\/segunda\/wp-content\/uploads\/2022\/07\/16_FeosClausura_Valero-1024x682.jpg\" alt=\"\" class=\"wp-image-162839\" srcset=\"https:\/\/www.tucomarca.com\/wordpress\/segunda\/wp-content\/uploads\/2022\/07\/16_FeosClausura_Valero-1024x682.jpg 1024w, https:\/\/www.tucomarca.com\/wordpress\/segunda\/wp-content\/uploads\/2022\/07\/16_FeosClausura_Valero-300x200.jpg 300w, https:\/\/www.tucomarca.com\/wordpress\/segunda\/wp-content\/uploads\/2022\/07\/16_FeosClausura_Valero-768x512.jpg 768w, https:\/\/www.tucomarca.com\/wordpress\/segunda\/wp-content\/uploads\/2022\/07\/16_FeosClausura_Valero.jpg 1181w\" sizes=\"auto, (max-width: 1024px) 100vw, 1024px\" \/><\/figure>\n\n\n\n<p>En la segunda parte del concierto de \u201cLos Feos\u201d, que fue presentado por el periodista bu\u00f1olense Chimo Masmano, se interpret\u00f3 el preludio para banda sinf\u00f3nica <em>Twilight<\/em>, de Roque Ba\u00f1os; <em>Catarsis en rojo<\/em>, la obra de encargo sobre La Tomatina de Bu\u00f1ol compuesta por Andr\u00e9s Valero-Castells; la suite <em>Dal\u00ed<\/em>, de Aldo Rafael Forte; y el <em>Himno a Bu\u00f1ol<\/em>, de Guzm\u00e1n C\u00e1rcel y Manuel Chillida.<\/p>\n\n\n\n<figure class=\"wp-block-image size-large\"><img loading=\"lazy\" decoding=\"async\" width=\"1024\" height=\"682\" src=\"https:\/\/www.tucomarca.com\/wordpress\/segunda\/wp-content\/uploads\/2022\/07\/07_Esmumbu2-1-1024x682.jpg\" alt=\"\" class=\"wp-image-162842\" srcset=\"https:\/\/www.tucomarca.com\/wordpress\/segunda\/wp-content\/uploads\/2022\/07\/07_Esmumbu2-1-1024x682.jpg 1024w, https:\/\/www.tucomarca.com\/wordpress\/segunda\/wp-content\/uploads\/2022\/07\/07_Esmumbu2-1-300x200.jpg 300w, https:\/\/www.tucomarca.com\/wordpress\/segunda\/wp-content\/uploads\/2022\/07\/07_Esmumbu2-1-768x512.jpg 768w, https:\/\/www.tucomarca.com\/wordpress\/segunda\/wp-content\/uploads\/2022\/07\/07_Esmumbu2-1.jpg 1181w\" sizes=\"auto, (max-width: 1024px) 100vw, 1024px\" \/><\/figure>\n\n\n\n<p><strong>Espect\u00e1culo de los alumnos y profesores de la Esmumbu<\/strong><\/p>\n\n\n\n<p>Otro de los platos fuertes de esta pasada semana de la XVI Bienal de M\u00fasica de Bu\u00f1ol ha sido el concierto final de los cursos de la <strong>Escuela de M\u00fasicas del Mundo de Bu\u00f1ol, Esmumbu<\/strong>, en el auditorio del Paseo de San Luis, donde participaron tanto los profesores como los alumnos de los cursos que se han desarrollado desde el pasado 22 de julio.<\/p>\n\n\n\n<figure class=\"wp-block-image size-large\"><img loading=\"lazy\" decoding=\"async\" width=\"1024\" height=\"682\" src=\"https:\/\/www.tucomarca.com\/wordpress\/segunda\/wp-content\/uploads\/2022\/07\/10_ArtOfBrass-1024x682.jpg\" alt=\"\" class=\"wp-image-162844\" srcset=\"https:\/\/www.tucomarca.com\/wordpress\/segunda\/wp-content\/uploads\/2022\/07\/10_ArtOfBrass-1024x682.jpg 1024w, https:\/\/www.tucomarca.com\/wordpress\/segunda\/wp-content\/uploads\/2022\/07\/10_ArtOfBrass-300x200.jpg 300w, https:\/\/www.tucomarca.com\/wordpress\/segunda\/wp-content\/uploads\/2022\/07\/10_ArtOfBrass-768x512.jpg 768w, https:\/\/www.tucomarca.com\/wordpress\/segunda\/wp-content\/uploads\/2022\/07\/10_ArtOfBrass.jpg 1181w\" sizes=\"auto, (max-width: 1024px) 100vw, 1024px\" \/><\/figure>\n\n\n\n<p><strong>M\u00e1s de un mes de recitales y conciertos<\/strong><\/p>\n\n\n\n<p>El programa de la pasada semana se complet\u00f3 con el recital de <strong>Xadd Collective<\/strong> y de <strong>Leandro Perpi\u00f1\u00e1n<\/strong> junto a <strong>Jat Jazz Quartet<\/strong>; con la actuaci\u00f3n del <strong>Tr\u00edo Molbe<\/strong>; con el concierto de <strong>Monumental Jazz Project<\/strong>; el concierto de la <strong>Orquesta Sinf\u00f3nica del CIM \u201cLa Arm\u00f3nica\u201d<\/strong> de Bu\u00f1ol; el espect\u00e1culo <strong>Los Cuentos de Sedajazz. M\u00fasica para beb\u00e9s<\/strong>; y con el concierto del prestigioso cuarteto <strong>Art Off Brass<\/strong>. \u00a0 \u00a0<\/p>\n\n\n\n<figure class=\"wp-block-image size-large\"><img loading=\"lazy\" decoding=\"async\" width=\"1024\" height=\"768\" src=\"https:\/\/www.tucomarca.com\/wordpress\/segunda\/wp-content\/uploads\/2022\/07\/SedajazzBienal02-1024x768.jpg\" alt=\"\" class=\"wp-image-162681\" srcset=\"https:\/\/www.tucomarca.com\/wordpress\/segunda\/wp-content\/uploads\/2022\/07\/SedajazzBienal02-1024x768.jpg 1024w, https:\/\/www.tucomarca.com\/wordpress\/segunda\/wp-content\/uploads\/2022\/07\/SedajazzBienal02-300x225.jpg 300w, https:\/\/www.tucomarca.com\/wordpress\/segunda\/wp-content\/uploads\/2022\/07\/SedajazzBienal02-768x576.jpg 768w, https:\/\/www.tucomarca.com\/wordpress\/segunda\/wp-content\/uploads\/2022\/07\/SedajazzBienal02-1536x1152.jpg 1536w, https:\/\/www.tucomarca.com\/wordpress\/segunda\/wp-content\/uploads\/2022\/07\/SedajazzBienal02-678x509.jpg 678w, https:\/\/www.tucomarca.com\/wordpress\/segunda\/wp-content\/uploads\/2022\/07\/SedajazzBienal02-326x245.jpg 326w, https:\/\/www.tucomarca.com\/wordpress\/segunda\/wp-content\/uploads\/2022\/07\/SedajazzBienal02-80x60.jpg 80w, https:\/\/www.tucomarca.com\/wordpress\/segunda\/wp-content\/uploads\/2022\/07\/SedajazzBienal02.jpg 2048w\" sizes=\"auto, (max-width: 1024px) 100vw, 1024px\" \/><\/figure>\n\n\n\n<p>A estas propuestas se han sumado, semanas atr\u00e1s, los conciertos de <strong>Abraham Cupeiro<\/strong> junto al quinteto de viento <strong>Venta a Cinc<\/strong>; el de la vocalista <strong>Soledad Gim\u00e9nez<\/strong> con la <strong>Sedajazz Big Band<\/strong>; el recital de <strong>Les Lyriques Reunis<\/strong>; el de la <strong>Orquesta Sinf\u00f3nica de la Sociedad Musical \u201cLa Art\u00edstica\u201d de Bu\u00f1ol<\/strong>; el del show did\u00e1ctico <strong>\u201dEl rock and roll tambi\u00e9n es cosa de ni\u00f1os\u201d<\/strong>; el concierto de la <strong>Banda Juvenil del CIM \u201cLa Arm\u00f3nica\u201d de Bu\u00f1ol <\/strong>junto a la <strong>Banda Juvenil de La Uni\u00f3n de Ll\u00edria<\/strong>;el espect\u00e1culo de danza \u201cCube\u201d a cargo de la compa\u00f1\u00eda <strong>Takiri Art Company<\/strong>; y el recital \u201cFusion-concert\u201d a cargo del <strong>Cuarteto Bolling<\/strong>.\u00a0<\/p>\n\n\n\n<figure class=\"wp-block-image size-large\"><img loading=\"lazy\" decoding=\"async\" width=\"1024\" height=\"682\" src=\"https:\/\/www.tucomarca.com\/wordpress\/segunda\/wp-content\/uploads\/2022\/07\/06_Esmumbu1-1-1024x682.jpg\" alt=\"\" class=\"wp-image-162849\" srcset=\"https:\/\/www.tucomarca.com\/wordpress\/segunda\/wp-content\/uploads\/2022\/07\/06_Esmumbu1-1-1024x682.jpg 1024w, https:\/\/www.tucomarca.com\/wordpress\/segunda\/wp-content\/uploads\/2022\/07\/06_Esmumbu1-1-300x200.jpg 300w, https:\/\/www.tucomarca.com\/wordpress\/segunda\/wp-content\/uploads\/2022\/07\/06_Esmumbu1-1-768x512.jpg 768w, https:\/\/www.tucomarca.com\/wordpress\/segunda\/wp-content\/uploads\/2022\/07\/06_Esmumbu1-1.jpg 1181w\" sizes=\"auto, (max-width: 1024px) 100vw, 1024px\" \/><\/figure>\n\n\n\n<p>Y es que la XVI Bienal de M\u00fasica de Bu\u00f1ol ya se abri\u00f3 con la Prebienal, el 18 de junio, y las propuestas a cargo de las diferentes formaciones del <strong>Conservatorio de M\u00fasica Municipal San Rafael<\/strong> de Bu\u00f1ol. Les siguieron los conciertos de la <strong>Banda Municipal de Madrid<\/strong>, el de la <strong>Agrupaci\u00f3n para la Memoria Hist\u00f3rica<\/strong> y el de la banda sinf\u00f3nica del <strong>CIM \u201cLa Arm\u00f3nica\u201d<\/strong>. Y a ellos se han sumado varias propuestas complementarias que han llenado de m\u00fasica y actividades culturales Bu\u00f1ol durante m\u00e1s de un mes, como han sido, el <strong>I F\u00f3rum Iberoamericano de M\u00fasica para Vientos<\/strong>, los cursos del <strong>M\u00e9todo Suzuki<\/strong> o la ya citada <strong>Escuela de M\u00fasicas del Mundo de Bu\u00f1ol, Esmumbu<\/strong>.<\/p>\n\n\n\n<figure class=\"wp-block-image size-large\"><img loading=\"lazy\" decoding=\"async\" width=\"1024\" height=\"682\" src=\"https:\/\/www.tucomarca.com\/wordpress\/segunda\/wp-content\/uploads\/2022\/07\/12_FeosClausura_Mireia-1024x682.jpg\" alt=\"\" class=\"wp-image-162831\" srcset=\"https:\/\/www.tucomarca.com\/wordpress\/segunda\/wp-content\/uploads\/2022\/07\/12_FeosClausura_Mireia-1024x682.jpg 1024w, https:\/\/www.tucomarca.com\/wordpress\/segunda\/wp-content\/uploads\/2022\/07\/12_FeosClausura_Mireia-300x200.jpg 300w, https:\/\/www.tucomarca.com\/wordpress\/segunda\/wp-content\/uploads\/2022\/07\/12_FeosClausura_Mireia-768x512.jpg 768w, https:\/\/www.tucomarca.com\/wordpress\/segunda\/wp-content\/uploads\/2022\/07\/12_FeosClausura_Mireia.jpg 1181w\" sizes=\"auto, (max-width: 1024px) 100vw, 1024px\" \/><\/figure>\n\n\n\n<p>La concejala de Cultura del Ayuntamiento de Bu\u00f1ol, Mireia Parla, se ha felicitado \u201cpor la enorme afluencia a todos los recitales, actividades y conciertos que hemos programado; y que han convertido a esta Bienal en la que m\u00e1s participaci\u00f3n ha registrado tanto en los talleres como en los cursos o en los conciertos. Ha sido, sin duda, la Bienal que m\u00e1s asistencia de p\u00fablico ha registrado; y a eso tambi\u00e9n hay que sumar la gran acogida que han tenido las actividades para los ni\u00f1os y los beb\u00e9s\u201d.<\/p>\n\n\n\n<p><strong>\u201cMano mano\u201d, Homenaje al Rock en Bu\u00f1ol y concierto de Ismael Serrano&nbsp;<\/strong><\/p>\n\n\n\n<p>A pesar de que la XVI Bienal de M\u00fasica ya se ha dado por finalizada, Mireia Parla ha recordado que la m\u00fasica \u201ctodav\u00eda no ha parado este verano en Bu\u00f1ol, porque todav\u00eda quedan varias propuestas para poder disfrutarlas en las pr\u00f3ximas semanas\u201d.&nbsp; As\u00ed, se podr\u00e1 asistir el pr\u00f3ximo viernes, 5 de agosto, a la velada en <strong>Homenaje al Rock en Bu\u00f1ol<\/strong>; as\u00ed como como al concierto de <strong>Ismael Serrano<\/strong>, ya el 12 de agosto.&nbsp;<\/p>\n\n\n\n<p>Dos propuestas que se completar\u00e1n el d\u00eda 20 de agosto con el espectacular <strong>concierto \u201cMano a mano\u201d<\/strong> a cargo de las dos bandas bu\u00f1olenses: el CIM \u201cLa Arm\u00f3nica\u201d y la SM \u201cLa Art\u00edstica\u201d, quienes volver\u00e1n a ofrecer su m\u00fasica de nuevo juntas tras dos a\u00f1os de pandemia y cuyas entradas se pondr\u00e1n en breve a la venta.&nbsp;<\/p>\n\n\n\n<p>La programaci\u00f3n del 47 concierto \u201cMano a mano\u201d de Bu\u00f1ol puede ser consultada en la p\u00e1gina <em>conciertomanoamano.es<\/em>; y los detalles de las \u00faltimas propuestas de la XVI Bienal de M\u00fasica de Bu\u00f1ol en la web <em>bienalmusica.bu\u00f1ol.es.<\/em><\/p>\n","protected":false},"excerpt":{"rendered":"<div class=\"mh-excerpt\">La banda sinf\u00f3nica de la Sociedad Musical \u201cLa Art\u00edstica\u201d de Bu\u00f1ol ha puesto el broche de oro a la XVI edici\u00f3n de la Bienal de M\u00fasica de la localidad, una de las que mayor asistencia <a class=\"mh-excerpt-more\" href=\"https:\/\/www.tucomarca.com\/wordpress\/segunda\/la-artistica-clausura-la-xvi-bienal-de-musica-de-bunol-que-ha-contado-con-una-elevada-asistencia-de-publico-y-con-el-aplauso-generalizado-al-programa-confeccionado\/\" title=\"\u201dLa Art\u00edstica\u201d clausura la XVI Bienal de M\u00fasica de Bu\u00f1ol que ha contado con una elevada asistencia de p\u00fablico y con el aplauso generalizado al programa confeccionado\">[+] <\/a><\/div>\n","protected":false},"author":1,"featured_media":162833,"comment_status":"open","ping_status":"open","sticky":false,"template":"","format":"standard","meta":{"footnotes":""},"categories":[18,66,8,72,10,5,7,3,45],"tags":[17298,10385,5952,10559,17300],"class_list":{"0":"post-162742","1":"post","2":"type-post","3":"status-publish","4":"format-standard","5":"has-post-thumbnail","7":"category-bunol","8":"category-musica","9":"category-la-comarca","10":"category-sin-categorizar","11":"category-la-hoya","12":"category-la-semana-en-imagenes","13":"category-ocio-y-cultura","14":"category-seccion","15":"category-ventana","16":"tag-bienal-de-musica-de-bunol","17":"tag-bunol","18":"tag-la-hoya-de-bunol-chiva","19":"tag-sm-la-artistica-de-bunol","20":"tag-xvi-bienal-de-musica-de-bunol"},"_links":{"self":[{"href":"https:\/\/www.tucomarca.com\/wordpress\/segunda\/wp-json\/wp\/v2\/posts\/162742","targetHints":{"allow":["GET"]}}],"collection":[{"href":"https:\/\/www.tucomarca.com\/wordpress\/segunda\/wp-json\/wp\/v2\/posts"}],"about":[{"href":"https:\/\/www.tucomarca.com\/wordpress\/segunda\/wp-json\/wp\/v2\/types\/post"}],"author":[{"embeddable":true,"href":"https:\/\/www.tucomarca.com\/wordpress\/segunda\/wp-json\/wp\/v2\/users\/1"}],"replies":[{"embeddable":true,"href":"https:\/\/www.tucomarca.com\/wordpress\/segunda\/wp-json\/wp\/v2\/comments?post=162742"}],"version-history":[{"count":0,"href":"https:\/\/www.tucomarca.com\/wordpress\/segunda\/wp-json\/wp\/v2\/posts\/162742\/revisions"}],"wp:featuredmedia":[{"embeddable":true,"href":"https:\/\/www.tucomarca.com\/wordpress\/segunda\/wp-json\/wp\/v2\/media\/162833"}],"wp:attachment":[{"href":"https:\/\/www.tucomarca.com\/wordpress\/segunda\/wp-json\/wp\/v2\/media?parent=162742"}],"wp:term":[{"taxonomy":"category","embeddable":true,"href":"https:\/\/www.tucomarca.com\/wordpress\/segunda\/wp-json\/wp\/v2\/categories?post=162742"},{"taxonomy":"post_tag","embeddable":true,"href":"https:\/\/www.tucomarca.com\/wordpress\/segunda\/wp-json\/wp\/v2\/tags?post=162742"}],"curies":[{"name":"wp","href":"https:\/\/api.w.org\/{rel}","templated":true}]}}