{"id":162797,"date":"2022-07-26T17:00:00","date_gmt":"2022-07-26T15:00:00","guid":{"rendered":"http:\/\/www.tucomarca.com\/wordpress\/segunda\/?p=162797"},"modified":"2022-07-26T20:34:27","modified_gmt":"2022-07-26T18:34:27","slug":"el-prya-asegura-que-el-gobierno-valenciano-sigue-discriminando-a-las-aldeas-de-requena-utiel-y-venta-del-moro-en-el-fondo-contra-la-despoblacion","status":"publish","type":"post","link":"https:\/\/www.tucomarca.com\/wordpress\/segunda\/el-prya-asegura-que-el-gobierno-valenciano-sigue-discriminando-a-las-aldeas-de-requena-utiel-y-venta-del-moro-en-el-fondo-contra-la-despoblacion\/","title":{"rendered":"El PRyA asegura que el gobierno valenciano \u00absigue discriminando a las aldeas de Requena, Utiel y Venta del Moro\u00bb en el fondo contra la despoblaci\u00f3n"},"content":{"rendered":"\n<p><strong>El portavoz del PRyA, Joaqu\u00edn Gonz\u00e1lez Gonz\u00e1lez, denuncia que las aldeas de la comarca son discriminadas en las ayudas del \u201cfondo contra la despoblaci\u00f3n\u201d<\/strong><\/p>\n\n\n\n<p>Seg\u00fan datos del Partido de Requena y Aldeas, m\u00e1s de 80.000 personas en 178 municipios se beneficiar\u00e1n del fondo contra la despoblaci\u00f3n que la Generalitat ampl\u00eda a 4 millones de euros. El pasado a\u00f1o 2021 se modific\u00f3 el decreto de creaci\u00f3n de estas ayudas que se asignan en funci\u00f3n del n\u00famero de poblaci\u00f3n, entre otros criterios, para que todas las poblaciones con menos de 300 habitantes entren directamente. Del mismo modo se increment\u00f3 el importe m\u00ednimo a percibir, pasando de 3.000 a 5.000 euros.<\/p>\n\n\n\n<p>Pues bien, \u00abentre esos criterios no se ha incluido a las poblaciones que, teniendo menos de 300 habitantes, carecen de ayuntamiento, como es el caso de la mayor\u00eda de las aldeas de Requena, Utiel y Venta del Moro\u00bb afirman desde el PR y A. \u00abEn los \u00faltimos a\u00f1os -a\u00f1aden las fuentes- desde el gobierno valenciano de Ximo Puig se est\u00e1n sacando subvenciones y ayudas destinadas a municipios en despoblaci\u00f3n, a las cuales no pueden acceder las aldeas de nuestra comarca por ser n\u00facleos de poblaci\u00f3n dentro de un municipio pero sin serlo\u00bb. Debemos entender que \u00abno son los municipios los que se despueblan, sino los n\u00facleos de poblaci\u00f3n los que pierden residentes independientemente de la calificaci\u00f3n administrativa que posean, como es el caso de las aldeas de Requena\u00bb manifiestan representantes de la formaci\u00f3n pol\u00edtica de \u00e1mbito municipal.<\/p>\n\n\n\n<p>Desde el\u00a0Partido de Requena y Aldeas\u00a0pedimos, una vez m\u00e1s, a todos los partidos pol\u00edticos con representaci\u00f3n en el gobierno de la Generalitat Valenciana \u00abque hagan las gestiones necesarias para incluir a las aldeas de la comarca en todas las ayudas y planes contra la despoblaci\u00f3n\u00bb. Informa, <strong>Luis Ib\u00e1\u00f1ez<\/strong>.<\/p>\n","protected":false},"excerpt":{"rendered":"<div class=\"mh-excerpt\">El portavoz del PRyA, Joaqu\u00edn Gonz\u00e1lez Gonz\u00e1lez, denuncia que las aldeas de la comarca son discriminadas en las ayudas del \u201cfondo contra la despoblaci\u00f3n\u201d Seg\u00fan datos del Partido de Requena y Aldeas, m\u00e1s de 80.000 <a class=\"mh-excerpt-more\" href=\"https:\/\/www.tucomarca.com\/wordpress\/segunda\/el-prya-asegura-que-el-gobierno-valenciano-sigue-discriminando-a-las-aldeas-de-requena-utiel-y-venta-del-moro-en-el-fondo-contra-la-despoblacion\/\" title=\"El PRyA asegura que el gobierno valenciano \u00absigue discriminando a las aldeas de Requena, Utiel y Venta del Moro\u00bb en el fondo contra la despoblaci\u00f3n\">[+] <\/a><\/div>\n","protected":false},"author":13,"featured_media":162798,"comment_status":"open","ping_status":"open","sticky":false,"template":"","format":"standard","meta":{"footnotes":""},"categories":[128,8,142,28,27,3,29,234],"tags":[10388,10387,10389,10454],"class_list":{"0":"post-162797","1":"post","2":"type-post","3":"status-publish","4":"format-standard","5":"has-post-thumbnail","7":"category-infraestructuras","8":"category-la-comarca","9":"category-politica-la-comarca","10":"category-requena","11":"category-requena-utiel","12":"category-seccion","13":"category-utiel","14":"category-venta-del-moro","15":"tag-requena","16":"tag-requena-utiel","17":"tag-utiel","18":"tag-venta-del-moro"},"_links":{"self":[{"href":"https:\/\/www.tucomarca.com\/wordpress\/segunda\/wp-json\/wp\/v2\/posts\/162797","targetHints":{"allow":["GET"]}}],"collection":[{"href":"https:\/\/www.tucomarca.com\/wordpress\/segunda\/wp-json\/wp\/v2\/posts"}],"about":[{"href":"https:\/\/www.tucomarca.com\/wordpress\/segunda\/wp-json\/wp\/v2\/types\/post"}],"author":[{"embeddable":true,"href":"https:\/\/www.tucomarca.com\/wordpress\/segunda\/wp-json\/wp\/v2\/users\/13"}],"replies":[{"embeddable":true,"href":"https:\/\/www.tucomarca.com\/wordpress\/segunda\/wp-json\/wp\/v2\/comments?post=162797"}],"version-history":[{"count":0,"href":"https:\/\/www.tucomarca.com\/wordpress\/segunda\/wp-json\/wp\/v2\/posts\/162797\/revisions"}],"wp:featuredmedia":[{"embeddable":true,"href":"https:\/\/www.tucomarca.com\/wordpress\/segunda\/wp-json\/wp\/v2\/media\/162798"}],"wp:attachment":[{"href":"https:\/\/www.tucomarca.com\/wordpress\/segunda\/wp-json\/wp\/v2\/media?parent=162797"}],"wp:term":[{"taxonomy":"category","embeddable":true,"href":"https:\/\/www.tucomarca.com\/wordpress\/segunda\/wp-json\/wp\/v2\/categories?post=162797"},{"taxonomy":"post_tag","embeddable":true,"href":"https:\/\/www.tucomarca.com\/wordpress\/segunda\/wp-json\/wp\/v2\/tags?post=162797"}],"curies":[{"name":"wp","href":"https:\/\/api.w.org\/{rel}","templated":true}]}}