{"id":162803,"date":"2022-07-26T08:46:00","date_gmt":"2022-07-26T06:46:00","guid":{"rendered":"http:\/\/www.tucomarca.com\/wordpress\/segunda\/?p=162803"},"modified":"2022-07-27T11:38:15","modified_gmt":"2022-07-27T09:38:15","slug":"ava-asaja-reclama-soluciones-para-los-regantes-que-pagan-el-doble-por-la-factura-electrica","status":"publish","type":"post","link":"https:\/\/www.tucomarca.com\/wordpress\/segunda\/ava-asaja-reclama-soluciones-para-los-regantes-que-pagan-el-doble-por-la-factura-electrica\/","title":{"rendered":"AVA-Asaja reclama soluciones para los regantes que pagan el doble por la factura el\u00e9ctrica"},"content":{"rendered":"\n<p>&nbsp;Los agricultores vienen expresando su preocupaci\u00f3n por el incremento que est\u00e1n sufriendo en los costes de producci\u00f3n, que no pueden trasladar a los consumidores.<\/p>\n\n\n\n<p>&nbsp;As\u00ed las cosas, la Asociaci\u00f3n Valenciana de Agricultores (AVA-ASAJA) advierte que las facturas de los regantes se han incrementado de forma desmesurada duplicando a las del ejercicio anterior a consecuencia de las subidas de precio en las renovaciones, de forma que una entidad de riego que gastaba 7.700 euros en el mes de junio de 2021, en 2022 ha tenido que pagar 14.500 euros por el uso de la misma cantidad de agua, de los cuales 2.000 euros corresponden al cargo adicional derivado del tope al gas.<\/p>\n\n\n\n<p>Tal y como ya denunci\u00f3 recientemente esta organizaci\u00f3n, la decisi\u00f3n del Gobierno de establecer un tope al coste del gas, con el objeto de rebajar la factura de la luz, implica que las centrales generadoras de electricidad que emplean esta fuente no pueden repercutir sus costes reales en la energ\u00eda que ofertan al mercado, por lo que se les tienen que compensar por ese desfase, que es variable de forma horaria. La organizaci\u00f3n agraria se\u00f1alaba que lamentablemente qui\u00e9n asume ese coste adicional son los contratos indexados, los de PVPC (precio voluntario de peque\u00f1o consumidor) desde el 15 de junio de 2022 y todos aquellos contratos con precios fijos que se hayan firmado por primera vez o se hayan renovado a partir del 26 de abril de 2022. Se trata de un sobrecoste que se aplicar\u00e1 hasta el 31 de mayo de 2023. Este incremento desorbitado en los costes de producci\u00f3n se une a la dram\u00e1tica situaci\u00f3n que vive el campo valenciano de crisis de precios. Por ello, el presidente de AVA-ASAJA, Crist\u00f3bal Aguado, se\u00f1ala que \u201cesta medida es positiva para una parte de la poblaci\u00f3n, pero ahoga a\u00fan m\u00e1s a los regantes, ya que est\u00e1 significando un nuevo sobrecoste y por tanto es insostenible\u201d. AVA-ASAJA exige de forma urgente al Gobierno la aplicaci\u00f3n de medidas fiscales que resulten verdaderamente eficaces para aliviar la escalada de los costes de producci\u00f3n, tales como la aplicaci\u00f3n de la doble tarifa el\u00e9ctrica para el riego, bonificaciones en la factura del gas\u00f3leo y de los fertilizantes, tal como se recoge en la Ley de la Cadena Alimentaria, as\u00ed como una reducci\u00f3n fiscal en los productos fitosanitarios.<\/p>\n","protected":false},"excerpt":{"rendered":"<div class=\"mh-excerpt\">&nbsp;Los agricultores vienen expresando su preocupaci\u00f3n por el incremento que est\u00e1n sufriendo en los costes de producci\u00f3n, que no pueden trasladar a los consumidores. &nbsp;As\u00ed las cosas, la Asociaci\u00f3n Valenciana de Agricultores (AVA-ASAJA) advierte que <a class=\"mh-excerpt-more\" href=\"https:\/\/www.tucomarca.com\/wordpress\/segunda\/ava-asaja-reclama-soluciones-para-los-regantes-que-pagan-el-doble-por-la-factura-electrica\/\" title=\"AVA-Asaja reclama soluciones para los regantes que pagan el doble por la factura el\u00e9ctrica\">[+] <\/a><\/div>\n","protected":false},"author":13,"featured_media":162804,"comment_status":"open","ping_status":"open","sticky":false,"template":"","format":"standard","meta":{"footnotes":""},"categories":[49,169,38,46,128,70,8,72,42,59,142,27,3],"tags":[85,328],"class_list":{"0":"post-162803","1":"post","2":"type-post","3":"status-publish","4":"format-standard","5":"has-post-thumbnail","7":"category-ademuz","8":"category-agricultura-la-comarca","9":"category-ayora-cofrentes","10":"category-camp-de-turia","11":"category-infraestructuras","12":"category-la-canal-de-navarres","13":"category-la-comarca","14":"category-sin-categorizar","15":"category-la-ribera","16":"category-los-serranos","17":"category-politica-la-comarca","18":"category-requena-utiel","19":"category-seccion","20":"tag-agricultura","21":"tag-ava-asaja"},"_links":{"self":[{"href":"https:\/\/www.tucomarca.com\/wordpress\/segunda\/wp-json\/wp\/v2\/posts\/162803","targetHints":{"allow":["GET"]}}],"collection":[{"href":"https:\/\/www.tucomarca.com\/wordpress\/segunda\/wp-json\/wp\/v2\/posts"}],"about":[{"href":"https:\/\/www.tucomarca.com\/wordpress\/segunda\/wp-json\/wp\/v2\/types\/post"}],"author":[{"embeddable":true,"href":"https:\/\/www.tucomarca.com\/wordpress\/segunda\/wp-json\/wp\/v2\/users\/13"}],"replies":[{"embeddable":true,"href":"https:\/\/www.tucomarca.com\/wordpress\/segunda\/wp-json\/wp\/v2\/comments?post=162803"}],"version-history":[{"count":0,"href":"https:\/\/www.tucomarca.com\/wordpress\/segunda\/wp-json\/wp\/v2\/posts\/162803\/revisions"}],"wp:featuredmedia":[{"embeddable":true,"href":"https:\/\/www.tucomarca.com\/wordpress\/segunda\/wp-json\/wp\/v2\/media\/162804"}],"wp:attachment":[{"href":"https:\/\/www.tucomarca.com\/wordpress\/segunda\/wp-json\/wp\/v2\/media?parent=162803"}],"wp:term":[{"taxonomy":"category","embeddable":true,"href":"https:\/\/www.tucomarca.com\/wordpress\/segunda\/wp-json\/wp\/v2\/categories?post=162803"},{"taxonomy":"post_tag","embeddable":true,"href":"https:\/\/www.tucomarca.com\/wordpress\/segunda\/wp-json\/wp\/v2\/tags?post=162803"}],"curies":[{"name":"wp","href":"https:\/\/api.w.org\/{rel}","templated":true}]}}