{"id":162809,"date":"2022-07-27T07:51:00","date_gmt":"2022-07-27T05:51:00","guid":{"rendered":"http:\/\/www.tucomarca.com\/wordpress\/segunda\/?p=162809"},"modified":"2022-07-27T12:49:38","modified_gmt":"2022-07-27T10:49:38","slug":"agricultura-concede-29-millones-de-euros-al-sector-vitivinicola-para-la-promocion-en-mercados-de-terceros-paises","status":"publish","type":"post","link":"https:\/\/www.tucomarca.com\/wordpress\/segunda\/agricultura-concede-29-millones-de-euros-al-sector-vitivinicola-para-la-promocion-en-mercados-de-terceros-paises\/","title":{"rendered":"Agricultura concede 2,9 millones de euros al sector vitivin\u00edcola para la promoci\u00f3n en mercados de terceros pa\u00edses"},"content":{"rendered":"\n<p>La Conselleria de Agricultura y Desarrollo Rural ha concedido 2,9 millones de euros en ayudas a empresas pertenecientes al sector vitivin\u00edcola en la Comunitat Valenciana para su promoci\u00f3n en mercados de terceros pa\u00edses.<\/p>\n\n\n\n<p>El objetivo de las ayudas, recogidas en el programa de apoyo 2019 \u2013 2023 al sector, es la mejora de la competitividad y de las medidas de informaci\u00f3n y promoci\u00f3n en terceros pa\u00edses.<\/p>\n\n\n\n<p>El director general de Desarrollo Rural, David Torres, ha subrayado la importancia de promover las relaciones comerciales para establecer contactos en nuevos mercados adem\u00e1s de para consolidar el valor y presencia de los vinos de la Comunitat Valenciana.<\/p>\n\n\n\n<p>La resoluci\u00f3n de la concesi\u00f3n que se ha publicado en el DOGV ha beneficiado a 27 bodegas y cooperativas del sector en el territorio valenciano. Los programas y acciones subvencionados se desarrollar\u00e1n entre el 1 de mayo de 2022 y el 30 de abril de 2023. Informa, <strong>Luis Ib\u00e1\u00f1ez<\/strong>.<\/p>\n","protected":false},"excerpt":{"rendered":"<div class=\"mh-excerpt\">La Conselleria de Agricultura y Desarrollo Rural ha concedido 2,9 millones de euros en ayudas a empresas pertenecientes al sector vitivin\u00edcola en la Comunitat Valenciana para su promoci\u00f3n en mercados de terceros pa\u00edses. El objetivo <a class=\"mh-excerpt-more\" href=\"https:\/\/www.tucomarca.com\/wordpress\/segunda\/agricultura-concede-29-millones-de-euros-al-sector-vitivinicola-para-la-promocion-en-mercados-de-terceros-paises\/\" title=\"Agricultura concede 2,9 millones de euros al sector vitivin\u00edcola para la promoci\u00f3n en mercados de terceros pa\u00edses\">[+] <\/a><\/div>\n","protected":false},"author":13,"featured_media":158901,"comment_status":"open","ping_status":"open","sticky":false,"template":"","format":"standard","meta":{"footnotes":""},"categories":[49,169,46,113,128,70,8,72,10,42,59,142,27,3],"tags":[85,1421],"class_list":{"0":"post-162809","1":"post","2":"type-post","3":"status-publish","4":"format-standard","5":"has-post-thumbnail","7":"category-ademuz","8":"category-agricultura-la-comarca","9":"category-camp-de-turia","10":"category-vinos","11":"category-infraestructuras","12":"category-la-canal-de-navarres","13":"category-la-comarca","14":"category-sin-categorizar","15":"category-la-hoya","16":"category-la-ribera","17":"category-los-serranos","18":"category-politica-la-comarca","19":"category-requena-utiel","20":"category-seccion","21":"tag-agricultura","22":"tag-vinos-2"},"_links":{"self":[{"href":"https:\/\/www.tucomarca.com\/wordpress\/segunda\/wp-json\/wp\/v2\/posts\/162809","targetHints":{"allow":["GET"]}}],"collection":[{"href":"https:\/\/www.tucomarca.com\/wordpress\/segunda\/wp-json\/wp\/v2\/posts"}],"about":[{"href":"https:\/\/www.tucomarca.com\/wordpress\/segunda\/wp-json\/wp\/v2\/types\/post"}],"author":[{"embeddable":true,"href":"https:\/\/www.tucomarca.com\/wordpress\/segunda\/wp-json\/wp\/v2\/users\/13"}],"replies":[{"embeddable":true,"href":"https:\/\/www.tucomarca.com\/wordpress\/segunda\/wp-json\/wp\/v2\/comments?post=162809"}],"version-history":[{"count":0,"href":"https:\/\/www.tucomarca.com\/wordpress\/segunda\/wp-json\/wp\/v2\/posts\/162809\/revisions"}],"wp:featuredmedia":[{"embeddable":true,"href":"https:\/\/www.tucomarca.com\/wordpress\/segunda\/wp-json\/wp\/v2\/media\/158901"}],"wp:attachment":[{"href":"https:\/\/www.tucomarca.com\/wordpress\/segunda\/wp-json\/wp\/v2\/media?parent=162809"}],"wp:term":[{"taxonomy":"category","embeddable":true,"href":"https:\/\/www.tucomarca.com\/wordpress\/segunda\/wp-json\/wp\/v2\/categories?post=162809"},{"taxonomy":"post_tag","embeddable":true,"href":"https:\/\/www.tucomarca.com\/wordpress\/segunda\/wp-json\/wp\/v2\/tags?post=162809"}],"curies":[{"name":"wp","href":"https:\/\/api.w.org\/{rel}","templated":true}]}}