{"id":162873,"date":"2022-07-27T12:17:19","date_gmt":"2022-07-27T10:17:19","guid":{"rendered":"http:\/\/www.tucomarca.com\/wordpress\/segunda\/?p=162873"},"modified":"2022-07-27T12:17:24","modified_gmt":"2022-07-27T10:17:24","slug":"emergencias-asegura-que-la-evolucion-del-incendio-de-calles-es-favorable","status":"publish","type":"post","link":"https:\/\/www.tucomarca.com\/wordpress\/segunda\/emergencias-asegura-que-la-evolucion-del-incendio-de-calles-es-favorable\/","title":{"rendered":"Emergencias asegura que la evoluci\u00f3n del incendio de Calles es favorable"},"content":{"rendered":"\n<p><strong>Sigue desplegado el dispositivo de extinci\u00f3n terrestre y se han programado vuelos de reconocimiento para atacar posibles reproducciones en el per\u00edmetro<\/strong><\/p>\n\n\n\n<p><strong>El director general de Interior se\u00f1ala que, si la situaci\u00f3n se mantiene, el incendio se podr\u00eda dar por estabilizado este mi\u00e9rcoles<\/strong><\/p>\n\n\n\n<p>El director general de Interior, Salvador Almenar, ha asegurado que la evoluci\u00f3n de las \u00faltimas horas del incendio declarado el lunes en Calles \u201cnos permite ser optimistas\u201d. Almenar, que ha participado esta ma\u00f1ana en la reuni\u00f3n de coordinaci\u00f3n del Puesto de Mando Avanzado (PMA), ha matizado que \u201cen este momento tenemos que mantener la cautela ante las altas temperaturas que se van a registrar en las pr\u00f3ximas horas y que podr\u00edan causar alguna peque\u00f1a reproducci\u00f3n dentro del per\u00edmetro\u201d.<\/p>\n\n\n\n<p>Por ello -ha se\u00f1alado- \u201cla direcci\u00f3n del incendio ha decidido mantener el dispositivo de extinci\u00f3n terrestre, con 15 unidades, y se est\u00e1n realizando vuelos de reconocimiento para atacar esas posibles reproducciones en las horas de calor extremo\u201d.<\/p>\n\n\n\n<p>Almenar ha remarcado que el incendio sigue activo. \u201cDebemos estar vigilantes, especialmente en las horas de mayor intensidad de calor, pero si la evoluci\u00f3n favorable se mantiene durante las pr\u00f3ximas horas podr\u00edamos dar el incendio por estabilizado\u201d. \u00abSer\u00eda en ese momento cuando -ha dicho- \u201clas personas que han sido desalojadas podr\u00edan volver a sus casas\u201d.<\/p>\n\n\n\n<p>Respecto al per\u00edmetro afectado por el fuego, Almenar ha destacado que se mantiene la cifra de alrededor de 220 hect\u00e1reas.<\/p>\n\n\n\n<p>Almenar ha agradecido la gran labor de los medios desplegados en la zona. \u201cHemos de reconocer un d\u00eda m\u00e1s el gran trabajo de las unidades de bomberos forestales, del Consorcio Provincial, la UME, t\u00e9cnicos y agentes medioambientales, responsables de prevenci\u00f3n y del resto de efectivos de los cuerpos y fuerzas de seguridad que han trabajado intensamente para sofocar este incendio y coordinar la seguridad de los vecinos de esta poblaci\u00f3n\u201d.&nbsp;<\/p>\n","protected":false},"excerpt":{"rendered":"<div class=\"mh-excerpt\">Sigue desplegado el dispositivo de extinci\u00f3n terrestre y se han programado vuelos de reconocimiento para atacar posibles reproducciones en el per\u00edmetro El director general de Interior se\u00f1ala que, si la situaci\u00f3n se mantiene, el incendio <a class=\"mh-excerpt-more\" href=\"https:\/\/www.tucomarca.com\/wordpress\/segunda\/emergencias-asegura-que-la-evolucion-del-incendio-de-calles-es-favorable\/\" title=\"Emergencias asegura que la evoluci\u00f3n del incendio de Calles es favorable\">[+] <\/a><\/div>\n","protected":false},"author":1,"featured_media":162874,"comment_status":"open","ping_status":"open","sticky":false,"template":"","format":"standard","meta":{"footnotes":""},"categories":[190,128,8,72,59,117,3,116,45],"tags":[1327,3912,10400],"class_list":{"0":"post-162873","1":"post","2":"type-post","3":"status-publish","4":"format-standard","5":"has-post-thumbnail","7":"category-calles","8":"category-infraestructuras","9":"category-la-comarca","10":"category-sin-categorizar","11":"category-los-serranos","12":"category-medio-ambiente-la-comarca","13":"category-seccion","14":"category-sucesos-la-comarca","15":"category-ventana","16":"tag-calles-2","17":"tag-la-serrania","18":"tag-los-serranos"},"_links":{"self":[{"href":"https:\/\/www.tucomarca.com\/wordpress\/segunda\/wp-json\/wp\/v2\/posts\/162873","targetHints":{"allow":["GET"]}}],"collection":[{"href":"https:\/\/www.tucomarca.com\/wordpress\/segunda\/wp-json\/wp\/v2\/posts"}],"about":[{"href":"https:\/\/www.tucomarca.com\/wordpress\/segunda\/wp-json\/wp\/v2\/types\/post"}],"author":[{"embeddable":true,"href":"https:\/\/www.tucomarca.com\/wordpress\/segunda\/wp-json\/wp\/v2\/users\/1"}],"replies":[{"embeddable":true,"href":"https:\/\/www.tucomarca.com\/wordpress\/segunda\/wp-json\/wp\/v2\/comments?post=162873"}],"version-history":[{"count":0,"href":"https:\/\/www.tucomarca.com\/wordpress\/segunda\/wp-json\/wp\/v2\/posts\/162873\/revisions"}],"wp:featuredmedia":[{"embeddable":true,"href":"https:\/\/www.tucomarca.com\/wordpress\/segunda\/wp-json\/wp\/v2\/media\/162874"}],"wp:attachment":[{"href":"https:\/\/www.tucomarca.com\/wordpress\/segunda\/wp-json\/wp\/v2\/media?parent=162873"}],"wp:term":[{"taxonomy":"category","embeddable":true,"href":"https:\/\/www.tucomarca.com\/wordpress\/segunda\/wp-json\/wp\/v2\/categories?post=162873"},{"taxonomy":"post_tag","embeddable":true,"href":"https:\/\/www.tucomarca.com\/wordpress\/segunda\/wp-json\/wp\/v2\/tags?post=162873"}],"curies":[{"name":"wp","href":"https:\/\/api.w.org\/{rel}","templated":true}]}}