{"id":163,"date":"2012-04-21T12:00:41","date_gmt":"2012-04-21T12:00:41","guid":{"rendered":"http:\/\/www.tucomarca.com\/wordpress\/segunda\/?p=163"},"modified":"2012-04-28T23:14:41","modified_gmt":"2012-04-28T23:14:41","slug":"el-gobierno-bunolense-califica-de-%c2%abinadmisible%c2%bb-la-exigencia-de-la-guardia-civil-de-retirar-la-bandera-republicana","status":"publish","type":"post","link":"https:\/\/www.tucomarca.com\/wordpress\/segunda\/el-gobierno-bunolense-califica-de-%c2%abinadmisible%c2%bb-la-exigencia-de-la-guardia-civil-de-retirar-la-bandera-republicana\/","title":{"rendered":"El gobierno bu\u00f1olense califica de \u00abinadmisible\u00bb la exigencia de la Guardia Civil de retirar la bandera republicana"},"content":{"rendered":"<p>La colocaci\u00f3n de una macro bandera republicana en la fachada del  Ayuntamiento de Bu\u00f1ol sigue dando que hablar. Seg\u00fan public\u00f3 este  semanario d\u00edas atr\u00e1s en su edici\u00f3n en papel, altos mandos de la Guardia  Civil de Requena se personaban este pasado martes, as\u00ed como por segunda  vez el mi\u00e9rcoles en el Ayuntamiento de Bu\u00f1ol para solicitar al alcalde,  Joaqu\u00edn Masmano (EU), y al edil de Interior, Jaime Tortajada (PSOE), la  retirada inmediata de la insignia tricolor ubicada en el ente municipal,  pidiendo, adem\u00e1s, explicaciones sobre la ausencia de las banderas  oficiales en el balc\u00f3n del consistorio.<\/p>\n<p>Como se ha informado desde  el gobierno local, la colocaci\u00f3n del s\u00edmbolo ha sido \u00abun peque\u00f1o  homenaje a quienes a\u00f1os atr\u00e1s defendieron el republicanismo\u00bb, mientras  que la ausencia de las banderas oficiales se ha justificado \u00abpor los  trabajos de mejora y reparaci\u00f3n que se est\u00e1n realizando en ellas desde  hace aproximadamente un mes\u00bb.<\/p>\n<p>Lejos de aceptar la sugerencia de la  Benem\u00e9rita realizada el martes, el gobierno bu\u00f1olense decidi\u00f3  \u00abprolongar hasta el mi\u00e9rcoles\u00bb la presencia de la bandera republicana en  la fachada del consistorio al entender que \u00abno se ha cometido  ilegalidad alguna\u00bb.<\/p>\n<p>\u00abNo es de recibo y nos parece del todo  inadmisible que la Guardia Civil se haya decidido a solicitarnos la  retirada de\u00a0 este s\u00edmbolo del republicanismo cuando tiene temas m\u00e1s  importantes de los que ocuparse. Consideramos que hay cuestiones  prioritarias en el desempe\u00f1o de su funci\u00f3n diaria que no pasan por una  exigencia de este tipo que vemos fuera de lugar y que nos sorprende  much\u00edsimo. Adem\u00e1s, tambi\u00e9n nos ha llamado la atenci\u00f3n el gran revuelo  medi\u00e1tico que ha ocasionado esta bandera, algo que en modo alguno  pod\u00edamos anticipar antes de ubicarla\u00bb, como ha detallado el portavoz del  gobierno local, Rafael P\u00e9rez (EU).<\/p>\n","protected":false},"excerpt":{"rendered":"<div class=\"mh-excerpt\">La colocaci\u00f3n de una macro bandera republicana en la fachada del Ayuntamiento de Bu\u00f1ol sigue dando que hablar. Seg\u00fan public\u00f3 este semanario d\u00edas atr\u00e1s en su edici\u00f3n en papel, altos mandos de la Guardia Civil <a class=\"mh-excerpt-more\" href=\"https:\/\/www.tucomarca.com\/wordpress\/segunda\/el-gobierno-bunolense-califica-de-%c2%abinadmisible%c2%bb-la-exigencia-de-la-guardia-civil-de-retirar-la-bandera-republicana\/\" title=\"El gobierno bu\u00f1olense califica de \u00abinadmisible\u00bb la exigencia de la Guardia Civil de retirar la bandera republicana\">[+] <\/a><\/div>\n","protected":false},"author":2,"featured_media":230,"comment_status":"open","ping_status":"open","sticky":false,"template":"","format":"standard","meta":{"footnotes":""},"categories":[18,8,10,45],"tags":[32],"class_list":{"0":"post-163","1":"post","2":"type-post","3":"status-publish","4":"format-standard","5":"has-post-thumbnail","7":"category-bunol","8":"category-la-comarca","9":"category-la-hoya","10":"category-ventana","11":"tag-politica"},"_links":{"self":[{"href":"https:\/\/www.tucomarca.com\/wordpress\/segunda\/wp-json\/wp\/v2\/posts\/163","targetHints":{"allow":["GET"]}}],"collection":[{"href":"https:\/\/www.tucomarca.com\/wordpress\/segunda\/wp-json\/wp\/v2\/posts"}],"about":[{"href":"https:\/\/www.tucomarca.com\/wordpress\/segunda\/wp-json\/wp\/v2\/types\/post"}],"author":[{"embeddable":true,"href":"https:\/\/www.tucomarca.com\/wordpress\/segunda\/wp-json\/wp\/v2\/users\/2"}],"replies":[{"embeddable":true,"href":"https:\/\/www.tucomarca.com\/wordpress\/segunda\/wp-json\/wp\/v2\/comments?post=163"}],"version-history":[{"count":0,"href":"https:\/\/www.tucomarca.com\/wordpress\/segunda\/wp-json\/wp\/v2\/posts\/163\/revisions"}],"wp:featuredmedia":[{"embeddable":true,"href":"https:\/\/www.tucomarca.com\/wordpress\/segunda\/wp-json\/wp\/v2\/media\/230"}],"wp:attachment":[{"href":"https:\/\/www.tucomarca.com\/wordpress\/segunda\/wp-json\/wp\/v2\/media?parent=163"}],"wp:term":[{"taxonomy":"category","embeddable":true,"href":"https:\/\/www.tucomarca.com\/wordpress\/segunda\/wp-json\/wp\/v2\/categories?post=163"},{"taxonomy":"post_tag","embeddable":true,"href":"https:\/\/www.tucomarca.com\/wordpress\/segunda\/wp-json\/wp\/v2\/tags?post=163"}],"curies":[{"name":"wp","href":"https:\/\/api.w.org\/{rel}","templated":true}]}}