{"id":163062,"date":"2022-07-28T15:00:00","date_gmt":"2022-07-28T13:00:00","guid":{"rendered":"http:\/\/www.tucomarca.com\/wordpress\/segunda\/?p=163062"},"modified":"2022-07-28T21:36:31","modified_gmt":"2022-07-28T19:36:31","slug":"turis-celebra-cincuenta-anos-de-reinas-de-las-fiestas","status":"publish","type":"post","link":"https:\/\/www.tucomarca.com\/wordpress\/segunda\/turis-celebra-cincuenta-anos-de-reinas-de-las-fiestas\/","title":{"rendered":"Tur\u00eds celebra cincuenta a\u00f1os de Reinas de las Fiestas"},"content":{"rendered":"\n<p>Tur\u00eds vivi\u00f3 un acto para el recuerdo con la celebraci\u00f3n del cincuenta cumplea\u00f1os de la figura de Reina de las Fiestas. Una cifra que no ha podido redondearse y se ha quedado en 48, a consecuencia de la pandemia, pero que no ha evitado una bonita celebraci\u00f3n.<\/p>\n\n\n\n<p>Hasta 32 reinas de las que ha tenido el pueblo se congregaron en el Teatro Ideal, lugar emblem\u00e1tico donde, precisamente, tuvo lugar la primera presentaci\u00f3n de las fiestas en 1972 con Amparo Montesinos como primera Reina de las Fiestas.<\/p>\n\n\n\n<p>En el acto todas accedieron al escenario con su banda donde el alcalde, Eugenio Forta\u00f1a, hac\u00eda entrega de un recordatorio del acontecimiento. Tambi\u00e9n se cont\u00f3 con la presencia de alcaldesas y alcaldes que han gobernado Tur\u00eds en estos 50 a\u00f1os, y se finaliz\u00f3 con una gran foto de familia.<\/p>\n\n\n\n<figure class=\"wp-block-gallery columns-2 is-cropped wp-block-gallery-1 is-layout-flex wp-block-gallery-is-layout-flex\"><ul class=\"blocks-gallery-grid\"><li class=\"blocks-gallery-item\"><figure><img loading=\"lazy\" decoding=\"async\" width=\"1024\" height=\"576\" src=\"https:\/\/www.tucomarca.com\/wordpress\/segunda\/wp-content\/uploads\/2022\/07\/Turis50Reinas01-1024x576.jpg\" alt=\"\" data-id=\"163064\" data-full-url=\"https:\/\/www.tucomarca.com\/wordpress\/segunda\/wp-content\/uploads\/2022\/07\/Turis50Reinas01.jpg\" data-link=\"https:\/\/www.tucomarca.com\/wordpress\/segunda\/?attachment_id=163064\" class=\"wp-image-163064\" srcset=\"https:\/\/www.tucomarca.com\/wordpress\/segunda\/wp-content\/uploads\/2022\/07\/Turis50Reinas01-1024x576.jpg 1024w, https:\/\/www.tucomarca.com\/wordpress\/segunda\/wp-content\/uploads\/2022\/07\/Turis50Reinas01-300x169.jpg 300w, https:\/\/www.tucomarca.com\/wordpress\/segunda\/wp-content\/uploads\/2022\/07\/Turis50Reinas01-768x432.jpg 768w, https:\/\/www.tucomarca.com\/wordpress\/segunda\/wp-content\/uploads\/2022\/07\/Turis50Reinas01-1536x864.jpg 1536w, https:\/\/www.tucomarca.com\/wordpress\/segunda\/wp-content\/uploads\/2022\/07\/Turis50Reinas01-678x381.jpg 678w, https:\/\/www.tucomarca.com\/wordpress\/segunda\/wp-content\/uploads\/2022\/07\/Turis50Reinas01.jpg 1920w\" sizes=\"auto, (max-width: 1024px) 100vw, 1024px\" \/><\/figure><\/li><li class=\"blocks-gallery-item\"><figure><img loading=\"lazy\" decoding=\"async\" width=\"1024\" height=\"576\" src=\"https:\/\/www.tucomarca.com\/wordpress\/segunda\/wp-content\/uploads\/2022\/07\/Turis50Reinas02-1024x576.jpg\" alt=\"\" data-id=\"163066\" data-full-url=\"https:\/\/www.tucomarca.com\/wordpress\/segunda\/wp-content\/uploads\/2022\/07\/Turis50Reinas02.jpg\" data-link=\"https:\/\/www.tucomarca.com\/wordpress\/segunda\/?attachment_id=163066\" class=\"wp-image-163066\" srcset=\"https:\/\/www.tucomarca.com\/wordpress\/segunda\/wp-content\/uploads\/2022\/07\/Turis50Reinas02-1024x576.jpg 1024w, https:\/\/www.tucomarca.com\/wordpress\/segunda\/wp-content\/uploads\/2022\/07\/Turis50Reinas02-300x169.jpg 300w, https:\/\/www.tucomarca.com\/wordpress\/segunda\/wp-content\/uploads\/2022\/07\/Turis50Reinas02-768x432.jpg 768w, https:\/\/www.tucomarca.com\/wordpress\/segunda\/wp-content\/uploads\/2022\/07\/Turis50Reinas02-1536x864.jpg 1536w, https:\/\/www.tucomarca.com\/wordpress\/segunda\/wp-content\/uploads\/2022\/07\/Turis50Reinas02-678x381.jpg 678w, https:\/\/www.tucomarca.com\/wordpress\/segunda\/wp-content\/uploads\/2022\/07\/Turis50Reinas02.jpg 1920w\" sizes=\"auto, (max-width: 1024px) 100vw, 1024px\" \/><\/figure><\/li><li class=\"blocks-gallery-item\"><figure><img loading=\"lazy\" decoding=\"async\" width=\"1024\" height=\"576\" src=\"https:\/\/www.tucomarca.com\/wordpress\/segunda\/wp-content\/uploads\/2022\/07\/Turis50Reinas03-1024x576.jpg\" alt=\"\" data-id=\"163068\" data-full-url=\"https:\/\/www.tucomarca.com\/wordpress\/segunda\/wp-content\/uploads\/2022\/07\/Turis50Reinas03.jpg\" data-link=\"https:\/\/www.tucomarca.com\/wordpress\/segunda\/?attachment_id=163068\" class=\"wp-image-163068\" srcset=\"https:\/\/www.tucomarca.com\/wordpress\/segunda\/wp-content\/uploads\/2022\/07\/Turis50Reinas03-1024x576.jpg 1024w, https:\/\/www.tucomarca.com\/wordpress\/segunda\/wp-content\/uploads\/2022\/07\/Turis50Reinas03-300x169.jpg 300w, https:\/\/www.tucomarca.com\/wordpress\/segunda\/wp-content\/uploads\/2022\/07\/Turis50Reinas03-768x432.jpg 768w, https:\/\/www.tucomarca.com\/wordpress\/segunda\/wp-content\/uploads\/2022\/07\/Turis50Reinas03-1536x864.jpg 1536w, https:\/\/www.tucomarca.com\/wordpress\/segunda\/wp-content\/uploads\/2022\/07\/Turis50Reinas03-678x381.jpg 678w, https:\/\/www.tucomarca.com\/wordpress\/segunda\/wp-content\/uploads\/2022\/07\/Turis50Reinas03.jpg 1920w\" sizes=\"auto, (max-width: 1024px) 100vw, 1024px\" \/><\/figure><\/li><li class=\"blocks-gallery-item\"><figure><img loading=\"lazy\" decoding=\"async\" width=\"1024\" height=\"576\" src=\"https:\/\/www.tucomarca.com\/wordpress\/segunda\/wp-content\/uploads\/2022\/07\/Turis50Reinas04-1024x576.jpg\" alt=\"\" data-id=\"163070\" data-full-url=\"https:\/\/www.tucomarca.com\/wordpress\/segunda\/wp-content\/uploads\/2022\/07\/Turis50Reinas04.jpg\" data-link=\"https:\/\/www.tucomarca.com\/wordpress\/segunda\/?attachment_id=163070\" class=\"wp-image-163070\" srcset=\"https:\/\/www.tucomarca.com\/wordpress\/segunda\/wp-content\/uploads\/2022\/07\/Turis50Reinas04-1024x576.jpg 1024w, https:\/\/www.tucomarca.com\/wordpress\/segunda\/wp-content\/uploads\/2022\/07\/Turis50Reinas04-300x169.jpg 300w, https:\/\/www.tucomarca.com\/wordpress\/segunda\/wp-content\/uploads\/2022\/07\/Turis50Reinas04-768x432.jpg 768w, https:\/\/www.tucomarca.com\/wordpress\/segunda\/wp-content\/uploads\/2022\/07\/Turis50Reinas04-1536x864.jpg 1536w, https:\/\/www.tucomarca.com\/wordpress\/segunda\/wp-content\/uploads\/2022\/07\/Turis50Reinas04-678x381.jpg 678w, https:\/\/www.tucomarca.com\/wordpress\/segunda\/wp-content\/uploads\/2022\/07\/Turis50Reinas04.jpg 1920w\" sizes=\"auto, (max-width: 1024px) 100vw, 1024px\" \/><\/figure><\/li><li class=\"blocks-gallery-item\"><figure><img loading=\"lazy\" decoding=\"async\" width=\"1024\" height=\"576\" src=\"https:\/\/www.tucomarca.com\/wordpress\/segunda\/wp-content\/uploads\/2022\/07\/Turis50Reinas05-1024x576.jpg\" alt=\"\" data-id=\"163072\" data-full-url=\"https:\/\/www.tucomarca.com\/wordpress\/segunda\/wp-content\/uploads\/2022\/07\/Turis50Reinas05.jpg\" data-link=\"https:\/\/www.tucomarca.com\/wordpress\/segunda\/?attachment_id=163072\" class=\"wp-image-163072\" srcset=\"https:\/\/www.tucomarca.com\/wordpress\/segunda\/wp-content\/uploads\/2022\/07\/Turis50Reinas05-1024x576.jpg 1024w, https:\/\/www.tucomarca.com\/wordpress\/segunda\/wp-content\/uploads\/2022\/07\/Turis50Reinas05-300x169.jpg 300w, https:\/\/www.tucomarca.com\/wordpress\/segunda\/wp-content\/uploads\/2022\/07\/Turis50Reinas05-768x432.jpg 768w, https:\/\/www.tucomarca.com\/wordpress\/segunda\/wp-content\/uploads\/2022\/07\/Turis50Reinas05-1536x864.jpg 1536w, https:\/\/www.tucomarca.com\/wordpress\/segunda\/wp-content\/uploads\/2022\/07\/Turis50Reinas05-678x381.jpg 678w, https:\/\/www.tucomarca.com\/wordpress\/segunda\/wp-content\/uploads\/2022\/07\/Turis50Reinas05.jpg 1920w\" sizes=\"auto, (max-width: 1024px) 100vw, 1024px\" \/><\/figure><\/li><\/ul><\/figure>\n","protected":false},"excerpt":{"rendered":"<div class=\"mh-excerpt\">Tur\u00eds vivi\u00f3 un acto para el recuerdo con la celebraci\u00f3n del cincuenta cumplea\u00f1os de la figura de Reina de las Fiestas. Una cifra que no ha podido redondearse y se ha quedado en 48, a <a class=\"mh-excerpt-more\" href=\"https:\/\/www.tucomarca.com\/wordpress\/segunda\/turis-celebra-cincuenta-anos-de-reinas-de-las-fiestas\/\" title=\"Tur\u00eds celebra cincuenta a\u00f1os de Reinas de las Fiestas\">[+] <\/a><\/div>\n","protected":false},"author":12,"featured_media":163074,"comment_status":"open","ping_status":"open","sticky":false,"template":"","format":"gallery","meta":{"footnotes":""},"categories":[8,42,5,7,383,3,43,45],"tags":[17571,1407,10394],"class_list":{"0":"post-163062","1":"post","2":"type-post","3":"status-publish","4":"format-gallery","5":"has-post-thumbnail","7":"category-la-comarca","8":"category-la-ribera","9":"category-la-semana-en-imagenes","10":"category-ocio-y-cultura","11":"category-pueblos-en-fiestas","12":"category-seccion","13":"category-turis","14":"category-ventana","15":"tag-50-reinas-de-la-fiestas","16":"tag-ribera-alta","17":"tag-turis","18":"post_format-post-format-gallery"},"_links":{"self":[{"href":"https:\/\/www.tucomarca.com\/wordpress\/segunda\/wp-json\/wp\/v2\/posts\/163062","targetHints":{"allow":["GET"]}}],"collection":[{"href":"https:\/\/www.tucomarca.com\/wordpress\/segunda\/wp-json\/wp\/v2\/posts"}],"about":[{"href":"https:\/\/www.tucomarca.com\/wordpress\/segunda\/wp-json\/wp\/v2\/types\/post"}],"author":[{"embeddable":true,"href":"https:\/\/www.tucomarca.com\/wordpress\/segunda\/wp-json\/wp\/v2\/users\/12"}],"replies":[{"embeddable":true,"href":"https:\/\/www.tucomarca.com\/wordpress\/segunda\/wp-json\/wp\/v2\/comments?post=163062"}],"version-history":[{"count":0,"href":"https:\/\/www.tucomarca.com\/wordpress\/segunda\/wp-json\/wp\/v2\/posts\/163062\/revisions"}],"wp:featuredmedia":[{"embeddable":true,"href":"https:\/\/www.tucomarca.com\/wordpress\/segunda\/wp-json\/wp\/v2\/media\/163074"}],"wp:attachment":[{"href":"https:\/\/www.tucomarca.com\/wordpress\/segunda\/wp-json\/wp\/v2\/media?parent=163062"}],"wp:term":[{"taxonomy":"category","embeddable":true,"href":"https:\/\/www.tucomarca.com\/wordpress\/segunda\/wp-json\/wp\/v2\/categories?post=163062"},{"taxonomy":"post_tag","embeddable":true,"href":"https:\/\/www.tucomarca.com\/wordpress\/segunda\/wp-json\/wp\/v2\/tags?post=163062"}],"curies":[{"name":"wp","href":"https:\/\/api.w.org\/{rel}","templated":true}]}}