{"id":163257,"date":"2022-08-01T10:00:00","date_gmt":"2022-08-01T08:00:00","guid":{"rendered":"http:\/\/www.tucomarca.com\/wordpress\/segunda\/?p=163257"},"modified":"2022-08-01T14:27:32","modified_gmt":"2022-08-01T12:27:32","slug":"un-total-de-23-areas-industriales-de-la-ribera-mejoraran-su-imagen-y-servicios-gracias-a-las-ayudas-del-ivace","status":"publish","type":"post","link":"https:\/\/www.tucomarca.com\/wordpress\/segunda\/un-total-de-23-areas-industriales-de-la-ribera-mejoraran-su-imagen-y-servicios-gracias-a-las-ayudas-del-ivace\/","title":{"rendered":"Un total de 23 \u00e1reas industriales de la Ribera mejorar\u00e1n su imagen y servicios gracias a las ayudas del Ivace"},"content":{"rendered":"\n<p><strong>El Instituto Valenciano de Competitividad invertir\u00e1 3,4 millones de euros en 2022Se habilitar\u00e1n nuevos aparcamientos y accesos, viales m\u00e1s amplios, parking para camiones y la mejora de zonas verdes y alumbrado p\u00fablico<\/strong><\/p>\n\n\n\n<p>El conseller de Econom\u00eda Sostenible, Sectores Productivos, Comercio y Trabajo, Rafa Climent, ha destacado que \u201cun total de 23 \u00e1reas industriales de la Ribera Alta y la Ribera Baixa mejorar\u00e1n su imagen, servicios e infraestructuras gracias a las ayudas del Ivace por valor de 3,4 millones de euros\u201d.<\/p>\n\n\n\n<p>Estas subvenciones se enmarcan dentro de la convocatoria de ayudas para proyectos de mejora, modernizaci\u00f3n y dotaci\u00f3n de infraestructuras y servicios en pol\u00edgonos, \u00e1reas industriales y enclaves tecnol\u00f3gicos correspondiente al ejercicio 2022, con un presupuesto de 37,4 millones de euros \u201cel mayor esfuerzo inversor realizado hasta el momento para situar a nuestros pol\u00edgonos en el lugar que les corresponde, renovarlos y hacerlos m\u00e1s competitivos\u201d, ha manifestado Climent.<\/p>\n\n\n\n<p>El titular de Econom\u00eda ha detallado que las 23 \u00e1reas empresariales beneficiadas corresponden a las localidades de Alberic, Algemes\u00ed, Alzira, Carlet, Catadau, la Pobla Llarga, Massalav\u00e9s, Montserrat y Real en la Ribera Alta y Albalat de la Ribera, Almussafes, Corbera, Poliny\u00e0 del X\u00faquer, Sollana y Sueca en la Ribera Baixa.<\/p>\n\n\n\n<p>En concreto, en la Ribera Alta se mejorar\u00e1 el pol\u00edgono I-1 Alasquer (197.222,8 euros) de Alberic, Nucli, (121.292,02 euros), Carrer Almussafes (135.097,62 euros), Copal (197.222,8 euros), Cotes (197.222,8 euros), Pepe Miquel (1972.22,8 euros) y Xara (167.639,38 euros) de Algemes\u00ed y R (51.246,19 euros), y Mercat d\u2019Abastos (197.222,8 euros) de Alzira.<\/p>\n\n\n\n<p>En Carlet se subvencionar\u00e1 Sant Bernat (115.707,78 euros), y Parc Industrial Ciutat de Carlet (70.388,98 euros). Asimismo, el Ivace mejorar\u00e1 Els Olivars (35.055,37 euros) de Catadau, La Closa (197.222,8 euros) de la Pobla Llarga, Sector 3 (197.222,8 euros) de Massalav\u00e9s, Les Valletes (197.222,8 euros) de Montserrat y Zona Sur Casco Urbano de Real (63.545,19 euros).<\/p>\n\n\n\n<p>En la Ribera Baixa se han concedido ayudas para Jaume I (88.794,4 euros) de Albalat de la Ribera, Juan Carlos I (197.222,8 euros) de Almussafes, El Rac\u00f3 (149.435,72 euros) de Corbera, zona industrial de Poliny\u00e0 del X\u00faquer (121.292,02 euros), Ermita del Roman\u00ed (197.141,27 euros) y Pol\u00edgono Sur Clots Olivarons (191.980,41 euros) de Sollana, y L\u2019Heretat (190.816,83 euros) de Sueca.<\/p>\n\n\n\n<p><strong>Ampliaci\u00f3n de viarios<\/strong><\/p>\n\n\n\n<p>Entre las actuaciones que subvencionar\u00e1 el Ivace con una intensidad del 98,6% se encuentra por primera vez la adecuaci\u00f3n de marquesinas para las paradas de autob\u00fas del pol\u00edgono industrial o en un radio de 300 metros y parking para camiones.<\/p>\n\n\n\n<p>Tambi\u00e9n se llevar\u00e1 a cabo la habilitaci\u00f3n de nuevos aparcamientos y\/o viales, viales y aceras m\u00e1s amplias y nuevos accesos, la obra civil que permita la implantaci\u00f3n de fibra \u00f3ptica, la implantaci\u00f3n de carril bici y recorridos biosaludables, mejora de zonas verdes, del alumbrado p\u00fablico mediante el uso de energ\u00edas renovables y de la se\u00f1alizaci\u00f3n horizontal y vertical del tr\u00e1fico. Asimismo, se mejorar\u00e1 el saneamiento separativo de aguas residuales y de los servicios contra incendios mediante hidrantes.<\/p>\n","protected":false},"excerpt":{"rendered":"<div class=\"mh-excerpt\">El Instituto Valenciano de Competitividad invertir\u00e1 3,4 millones de euros en 2022Se habilitar\u00e1n nuevos aparcamientos y accesos, viales m\u00e1s amplios, parking para camiones y la mejora de zonas verdes y alumbrado p\u00fablico El conseller de <a class=\"mh-excerpt-more\" href=\"https:\/\/www.tucomarca.com\/wordpress\/segunda\/un-total-de-23-areas-industriales-de-la-ribera-mejoraran-su-imagen-y-servicios-gracias-a-las-ayudas-del-ivace\/\" title=\"Un total de 23 \u00e1reas industriales de la Ribera mejorar\u00e1n su imagen y servicios gracias a las ayudas del Ivace\">[+] <\/a><\/div>\n","protected":false},"author":1,"featured_media":163258,"comment_status":"open","ping_status":"open","sticky":false,"template":"","format":"standard","meta":{"footnotes":""},"categories":[291,155,128,8,72,144,42,157,162,142,161,3,45],"tags":[3640],"class_list":{"0":"post-163257","1":"post","2":"type-post","3":"status-publish","4":"format-standard","5":"has-post-thumbnail","7":"category-carlet","8":"category-catadau","9":"category-infraestructuras","10":"category-la-comarca","11":"category-sin-categorizar","12":"category-la-pobla-llarga","13":"category-la-ribera","14":"category-masalaves","15":"category-monserrat","16":"category-politica-la-comarca","17":"category-real-de-montroi","18":"category-seccion","19":"category-ventana","20":"tag-la-ribera-alta"},"_links":{"self":[{"href":"https:\/\/www.tucomarca.com\/wordpress\/segunda\/wp-json\/wp\/v2\/posts\/163257","targetHints":{"allow":["GET"]}}],"collection":[{"href":"https:\/\/www.tucomarca.com\/wordpress\/segunda\/wp-json\/wp\/v2\/posts"}],"about":[{"href":"https:\/\/www.tucomarca.com\/wordpress\/segunda\/wp-json\/wp\/v2\/types\/post"}],"author":[{"embeddable":true,"href":"https:\/\/www.tucomarca.com\/wordpress\/segunda\/wp-json\/wp\/v2\/users\/1"}],"replies":[{"embeddable":true,"href":"https:\/\/www.tucomarca.com\/wordpress\/segunda\/wp-json\/wp\/v2\/comments?post=163257"}],"version-history":[{"count":0,"href":"https:\/\/www.tucomarca.com\/wordpress\/segunda\/wp-json\/wp\/v2\/posts\/163257\/revisions"}],"wp:featuredmedia":[{"embeddable":true,"href":"https:\/\/www.tucomarca.com\/wordpress\/segunda\/wp-json\/wp\/v2\/media\/163258"}],"wp:attachment":[{"href":"https:\/\/www.tucomarca.com\/wordpress\/segunda\/wp-json\/wp\/v2\/media?parent=163257"}],"wp:term":[{"taxonomy":"category","embeddable":true,"href":"https:\/\/www.tucomarca.com\/wordpress\/segunda\/wp-json\/wp\/v2\/categories?post=163257"},{"taxonomy":"post_tag","embeddable":true,"href":"https:\/\/www.tucomarca.com\/wordpress\/segunda\/wp-json\/wp\/v2\/tags?post=163257"}],"curies":[{"name":"wp","href":"https:\/\/api.w.org\/{rel}","templated":true}]}}