{"id":16340,"date":"2013-07-11T10:49:38","date_gmt":"2013-07-11T07:49:38","guid":{"rendered":"http:\/\/www.tucomarca.com\/wordpress\/segunda\/?p=16340"},"modified":"2013-07-11T10:49:38","modified_gmt":"2013-07-11T07:49:38","slug":"el-pleno-de-la-pobla-aprueba-una-mocion-de-apoyo-al-programa-de-formacion-y-empleo","status":"publish","type":"post","link":"https:\/\/www.tucomarca.com\/wordpress\/segunda\/el-pleno-de-la-pobla-aprueba-una-mocion-de-apoyo-al-programa-de-formacion-y-empleo\/","title":{"rendered":"El pleno de La Pobla aprueba una moci\u00f3n de apoyo al programa de Formaci\u00f3n y Empleo"},"content":{"rendered":"<p>El grupo popular de la Pobla de Vallbona present\u00f3 en el pleno ordinario la pasada semana, una moci\u00f3n de apoyo al Programa de Formaci\u00f3n y Empleo impulsado por la Generalitat Valenciana y en especial el Plan de Empleo Conjunto, en el que podr\u00e1n unirse y colaborar las tres administraciones valencianas, la auton\u00f3mica, la provincial y la local en la creaci\u00f3n de empleo.<br \/>\nEl grupo popular ha querido destacar que en la votaci\u00f3n de la moci\u00f3n, los ediles de Comprom\u00eds antepusieron las consignas de partido al bienestar de sus propios vecinos al votar en contra de este plan destinado a reactivar la actividad econ\u00f3mica y aumentar la creaci\u00f3n de empleo. El resto de grupos de la oposici\u00f3n se abstuvieron, con la excepci\u00f3n del edil socialista Miguel \u00c1ngel Arag\u00f3n, que tambi\u00e9n vot\u00f3 en contra.<br \/>\nEstas medidas supondr\u00e1n una inversi\u00f3n global de casi 100 millones de euros en fomento del empleo y mejora de la formaci\u00f3n de los parados valencianos y que beneficiar\u00e1 a cerca de 44.000 ciudadanos de la Comunitat Valenciana.<br \/>\nUno de los ejes principales es el Plan de Empleo Conjunto, con el que se espera crear 15.000 empleos al an\u0303o, y que se ha estructurado en dos grandes l\u00edneas de actuaci\u00f3n:<br \/>\nUna primera l\u00ednea financiada \u00edntegramente por la Generalitat con una dotaci\u00f3n de 18,2 millones de euros para este an\u0303o y 54 millones en tres an\u0303os, dedicada a subvencionar programas mixtos de formaci\u00f3n dual que alternan la formaci\u00f3n con la pr\u00e1ctica laboral.<br \/>\nLa segunda l\u00ednea que subvencionar\u00e1 la contrataci\u00f3n para las empresas de desempleados inscritos en el SERVEF y cuyo convenio se firm\u00f3 el 30 de mayo por el Presidente Fabra con los presidentes de las tres Diputaciones Provinciales de la Comunitat Valenciana, y que cuenta con una dotaci\u00f3n prevista de 15 millones de euros para este an\u0303o 2013 (45 millones en tres an\u0303os) aportados a partes iguales por las tres administraciones valencianas, la auton\u00f3mica, la provincial y la local.<br \/>\nLa ayuda ser\u00e1 para contratos de un m\u00ednimo de 3 meses y 25 horas semanales, sin perjuicio de que puedan ser contratos de mayor duracio\u0301n. Las ayudas las recibir\u00e1n las empresas por los contratos que realizan, y es una forma de que reduzcan costes que las hagan ser m\u00e1s competitivas, al tiempo que se subvenciona por la contrataci\u00f3n de nuevos trabajadores.<\/p>\n","protected":false},"excerpt":{"rendered":"<div class=\"mh-excerpt\">El grupo popular de la Pobla de Vallbona present\u00f3 en el pleno ordinario la pasada semana, una moci\u00f3n de apoyo al Programa de Formaci\u00f3n y Empleo impulsado por la Generalitat Valenciana y en especial el <a class=\"mh-excerpt-more\" href=\"https:\/\/www.tucomarca.com\/wordpress\/segunda\/el-pleno-de-la-pobla-aprueba-una-mocion-de-apoyo-al-programa-de-formacion-y-empleo\/\" title=\"El pleno de La Pobla aprueba una moci\u00f3n de apoyo al programa de Formaci\u00f3n y Empleo\">[+] <\/a><\/div>\n","protected":false},"author":2,"featured_media":0,"comment_status":"open","ping_status":"open","sticky":false,"template":"","format":"standard","meta":{"footnotes":""},"categories":[46,8,174,3],"tags":[68,93,10430,1168],"class_list":{"0":"post-16340","1":"post","2":"type-post","3":"status-publish","4":"format-standard","6":"category-camp-de-turia","7":"category-la-comarca","8":"category-la-pobla","9":"category-seccion","10":"tag-empleo","11":"tag-formacion","12":"tag-la-pobla","13":"tag-mocion"},"_links":{"self":[{"href":"https:\/\/www.tucomarca.com\/wordpress\/segunda\/wp-json\/wp\/v2\/posts\/16340","targetHints":{"allow":["GET"]}}],"collection":[{"href":"https:\/\/www.tucomarca.com\/wordpress\/segunda\/wp-json\/wp\/v2\/posts"}],"about":[{"href":"https:\/\/www.tucomarca.com\/wordpress\/segunda\/wp-json\/wp\/v2\/types\/post"}],"author":[{"embeddable":true,"href":"https:\/\/www.tucomarca.com\/wordpress\/segunda\/wp-json\/wp\/v2\/users\/2"}],"replies":[{"embeddable":true,"href":"https:\/\/www.tucomarca.com\/wordpress\/segunda\/wp-json\/wp\/v2\/comments?post=16340"}],"version-history":[{"count":0,"href":"https:\/\/www.tucomarca.com\/wordpress\/segunda\/wp-json\/wp\/v2\/posts\/16340\/revisions"}],"wp:attachment":[{"href":"https:\/\/www.tucomarca.com\/wordpress\/segunda\/wp-json\/wp\/v2\/media?parent=16340"}],"wp:term":[{"taxonomy":"category","embeddable":true,"href":"https:\/\/www.tucomarca.com\/wordpress\/segunda\/wp-json\/wp\/v2\/categories?post=16340"},{"taxonomy":"post_tag","embeddable":true,"href":"https:\/\/www.tucomarca.com\/wordpress\/segunda\/wp-json\/wp\/v2\/tags?post=16340"}],"curies":[{"name":"wp","href":"https:\/\/api.w.org\/{rel}","templated":true}]}}