{"id":163422,"date":"2022-08-02T19:37:46","date_gmt":"2022-08-02T17:37:46","guid":{"rendered":"http:\/\/www.tucomarca.com\/wordpress\/segunda\/?p=163422"},"modified":"2022-08-02T22:38:07","modified_gmt":"2022-08-02T20:38:07","slug":"bunol-pone-a-la-venta-las-entradas-para-su-espectacular-y-esperado-concierto-mano-a-mano-del-proximo-20-de-agosto","status":"publish","type":"post","link":"https:\/\/www.tucomarca.com\/wordpress\/segunda\/bunol-pone-a-la-venta-las-entradas-para-su-espectacular-y-esperado-concierto-mano-a-mano-del-proximo-20-de-agosto\/","title":{"rendered":"Bu\u00f1ol pone a la venta las entradas para su espectacular y esperado concierto \u2018Mano a mano\u2019 del pr\u00f3ximo 20 de agosto"},"content":{"rendered":"\n<p><strong>El Ayuntamiento de Bu\u00f1ol y las dos sociedades musicales locales, la SM \u201cLa Art\u00edstica\u201d y el CIM \u201cLa Arm\u00f3nica\u201d, han puesto ya a la venta las entradas para el extraordinario y esperado concierto \u201cMano a mano\u201d que ambas formaciones ofrecer\u00e1n en el auditorio al aire libre del Paseo de San Luis el pr\u00f3ximo 20 de agosto.<\/strong><\/p>\n\n\n\n<p><strong>Las entradas anticipadas salen a la venta con un precio de 12 euros, 3 menos que costar\u00e1n en taquilla; y podr\u00e1n adquirirse, o bien contactando con ambas sociedades musicales, o bien f\u00edsicamente durante varios d\u00edas en un horario determinado. &nbsp;<\/strong><\/p>\n\n\n\n<p>La concejal\u00eda de Cultura del Ayuntamiento de Bu\u00f1ol y las dos entidades musicales bu\u00f1olenses, el Centro Instructivo Musical \u201cLa Arm\u00f3nica\u201d y la Sociedad Musical \u201cLa Art\u00edstica\u201d, han puesto ya a la venta las entradas para el extraordinario concierto \u201cMano a mano\u201d que ambas formaciones musicales ofrecer\u00e1n en el auditorio al aire libre del Paseo de San Luis el pr\u00f3ximo 20 de agosto a partir de las 22,30 horas.<\/p>\n\n\n\n<p>Las entradas pueden ya reservarse hasta las 14,00 horas del d\u00eda 18 de agosto escribiendo a los siguientes correos electr\u00f3nicos: <a href=\"mailto:sociedad@laartistica.org\">Sociedad@laartistica.org<\/a> o <a href=\"mailto:secretaria@cimlaarmonica.es\">Sociedad@cimlaarmonica.es<\/a>. Adem\u00e1s, se ha establecido un horario durante varios d\u00edas para poder realizar la compra f\u00edsicamente de las entradas. Concretamente, los d\u00edas 9, 11, 16 y 18 de agosto se podr\u00e1n adquirir en la Sala El Mercado de la localidad en horario de 19,00 a 21,00 horas. &nbsp;<\/p>\n\n\n\n<p>Dos a\u00f1os despu\u00e9s de que tuviese que suspenderse a consecuencia de la pandemia de covid-19, el afamado y esperado concierto \u201cMano a mano\u201d de Bu\u00f1ol volver\u00e1 en su 47 edici\u00f3n con nuevos protagonistas, como son los directores de ambas bandas sinf\u00f3nicas: Sa\u00fcl G\u00f3mez al frente de \u201cEl Litro\u201d y Mario Ortu\u00f1o de \u201cLos Feos\u201d; directores que por primera vez se enfrentar\u00e1n al reto de dirigir uno de los conciertos de bandas de m\u00fasica con mayor renombre no s\u00f3lo a nivel nacional sino tambi\u00e9n internacional. Una cita que se desarrolla en uno de los marcos m\u00e1s extraordinarios como es el auditorio al aire libre del Paseo de San Luis de Bu\u00f1ol, un bell\u00edsimo y espectacular espacio excavado en la piedra toba bu\u00f1olense que ofrece una ac\u00fastica sensacional.<\/p>\n\n\n\n<p>La banda sinf\u00f3nica de la SM \u201cLa Art\u00edstica\u201d, bajo el sugerente ep\u00edgrafe \u201cLlega el verano\u201d, abrir\u00e1 este a\u00f1o el concierto con un repertorio compuesto por <em>Divertimento<\/em>, de Oliver Waespi; la espectacular suite <em>Les trois notes du Japan<\/em>, de Toshio Mashima; y por el monumental primer movimiento de la <em>Symphony n\u00ba 3, <\/em>de Gustav Mahler, con transcripci\u00f3n de Cristian Garc\u00eda Gonz\u00e1lez. Mientras que el CIM \u201cLa Arm\u00f3nica\u201d iniciar\u00e1 su participaci\u00f3n en la segunda parte del \u201cMano a mano\u201d 2022 con el delicioso pasodoble en honor al 75 aniversario de la fiesta de la entidad, <em>Paso al Litro<\/em>, de Roque Ba\u00f1os; continuar\u00e1 con la transcripci\u00f3n para banda de Roberto For\u00e9s del poema sinf\u00f3nico <em>Fiestas romanas<\/em>, de Ottorino Respighi; y finalizar\u00e1 su actuaci\u00f3n con el estreno de la <em>Lightfall<\/em>, <em>Sinfon\u00eda n\u00famero IIII,<\/em> de Stephen Melillo.<\/p>\n\n\n\n<p>La velada se dar\u00e1 por concluida con la interpretaci\u00f3n del <em>Himno a Bu\u00f1ol<\/em>, de Manuel Chillida y Guzm\u00e1n C\u00e1rcel, que ser\u00e1 conducida por el Presidente de Honor de este a\u00f1o, el m\u00fasico, director y compositor Rafael Pascual Vilaplana.<\/p>\n\n\n\n<p>La concejala de Cultura del Ayuntamiento de Bu\u00f1ol, Mireia Parla, ha recordado que el concierto \u201cMano a mano\u201d es \u201cuna de las citas musicales m\u00e1s importantes y m\u00e1s esperadas de todo el mundo band\u00edstico que corre a cargo de dos de las m\u00e1ximas exponentes del panorama band\u00edstico de la Comunidad Valenciana, de Espa\u00f1a y del mundo entero como son las dos entidades musicales bu\u00f1olenses, ambas galardonadas en cert\u00e1menes y mundiales de bandas\u201d.<\/p>\n\n\n\n<p>El concierto \u201cMano a mano\u201d de Bu\u00f1ol es \u201cun gran espect\u00e1culo en un marco incomparable que a todo el mundo deja fascinado como es nuestro auditorio y que todo amante de la m\u00fasica de bandas no se puede perder; y me consta que hay muchas ganas de poder volver a disfrutar intensamente de este gran espect\u00e1culo tras dos dif\u00edciles a\u00f1os de pandemia\u201d, ha resaltado la concejala de Cultura bu\u00f1olense. &nbsp;<\/p>\n\n\n\n<p>La programaci\u00f3n del 47 concierto \u201cMano a mano\u201d de Bu\u00f1ol as\u00ed como m\u00e1s detalles sobre ambas formaciones musicales protagonistas o sus directores puede consultarse en la p\u00e1gina web <em>conciertomanoamano.es.<\/em><\/p>\n\n\n\n<figure class=\"wp-block-image size-large\"><img loading=\"lazy\" decoding=\"async\" width=\"911\" height=\"1024\" src=\"https:\/\/www.tucomarca.com\/wordpress\/segunda\/wp-content\/uploads\/2022\/08\/EntradasMam22a-911x1024.jpg\" alt=\"\" class=\"wp-image-163423\" srcset=\"https:\/\/www.tucomarca.com\/wordpress\/segunda\/wp-content\/uploads\/2022\/08\/EntradasMam22a-911x1024.jpg 911w, https:\/\/www.tucomarca.com\/wordpress\/segunda\/wp-content\/uploads\/2022\/08\/EntradasMam22a-267x300.jpg 267w, https:\/\/www.tucomarca.com\/wordpress\/segunda\/wp-content\/uploads\/2022\/08\/EntradasMam22a-768x864.jpg 768w, https:\/\/www.tucomarca.com\/wordpress\/segunda\/wp-content\/uploads\/2022\/08\/EntradasMam22a.jpg 1149w\" sizes=\"auto, (max-width: 911px) 100vw, 911px\" \/><\/figure>\n","protected":false},"excerpt":{"rendered":"<div class=\"mh-excerpt\">El Ayuntamiento de Bu\u00f1ol y las dos sociedades musicales locales, la SM \u201cLa Art\u00edstica\u201d y el CIM \u201cLa Arm\u00f3nica\u201d, han puesto ya a la venta las entradas para el extraordinario y esperado concierto \u201cMano a <a class=\"mh-excerpt-more\" href=\"https:\/\/www.tucomarca.com\/wordpress\/segunda\/bunol-pone-a-la-venta-las-entradas-para-su-espectacular-y-esperado-concierto-mano-a-mano-del-proximo-20-de-agosto\/\" title=\"Bu\u00f1ol pone a la venta las entradas para su espectacular y esperado concierto \u2018Mano a mano\u2019 del pr\u00f3ximo 20 de agosto\">[+] <\/a><\/div>\n","protected":false},"author":1,"featured_media":163423,"comment_status":"open","ping_status":"open","sticky":false,"template":"","format":"standard","meta":{"footnotes":""},"categories":[4,18,66,8,72,10,7,3,45],"tags":[10385,95,5952,401],"class_list":{"0":"post-163422","1":"post","2":"type-post","3":"status-publish","4":"format-standard","5":"has-post-thumbnail","7":"category-agenda","8":"category-bunol","9":"category-musica","10":"category-la-comarca","11":"category-sin-categorizar","12":"category-la-hoya","13":"category-ocio-y-cultura","14":"category-seccion","15":"category-ventana","16":"tag-bunol","17":"tag-concierto","18":"tag-la-hoya-de-bunol-chiva","19":"tag-mano-a-mano"},"_links":{"self":[{"href":"https:\/\/www.tucomarca.com\/wordpress\/segunda\/wp-json\/wp\/v2\/posts\/163422","targetHints":{"allow":["GET"]}}],"collection":[{"href":"https:\/\/www.tucomarca.com\/wordpress\/segunda\/wp-json\/wp\/v2\/posts"}],"about":[{"href":"https:\/\/www.tucomarca.com\/wordpress\/segunda\/wp-json\/wp\/v2\/types\/post"}],"author":[{"embeddable":true,"href":"https:\/\/www.tucomarca.com\/wordpress\/segunda\/wp-json\/wp\/v2\/users\/1"}],"replies":[{"embeddable":true,"href":"https:\/\/www.tucomarca.com\/wordpress\/segunda\/wp-json\/wp\/v2\/comments?post=163422"}],"version-history":[{"count":0,"href":"https:\/\/www.tucomarca.com\/wordpress\/segunda\/wp-json\/wp\/v2\/posts\/163422\/revisions"}],"wp:featuredmedia":[{"embeddable":true,"href":"https:\/\/www.tucomarca.com\/wordpress\/segunda\/wp-json\/wp\/v2\/media\/163423"}],"wp:attachment":[{"href":"https:\/\/www.tucomarca.com\/wordpress\/segunda\/wp-json\/wp\/v2\/media?parent=163422"}],"wp:term":[{"taxonomy":"category","embeddable":true,"href":"https:\/\/www.tucomarca.com\/wordpress\/segunda\/wp-json\/wp\/v2\/categories?post=163422"},{"taxonomy":"post_tag","embeddable":true,"href":"https:\/\/www.tucomarca.com\/wordpress\/segunda\/wp-json\/wp\/v2\/tags?post=163422"}],"curies":[{"name":"wp","href":"https:\/\/api.w.org\/{rel}","templated":true}]}}