{"id":163838,"date":"2022-08-06T09:15:00","date_gmt":"2022-08-06T07:15:00","guid":{"rendered":"http:\/\/www.tucomarca.com\/wordpress\/segunda\/?p=163838"},"modified":"2022-08-06T14:42:19","modified_gmt":"2022-08-06T12:42:19","slug":"detenidas-dos-personas-involucradas-en-el-robo-de-cable-del-fluido-electrico-en-san-antonio-de-benageber%e2%80%a8","status":"publish","type":"post","link":"https:\/\/www.tucomarca.com\/wordpress\/segunda\/detenidas-dos-personas-involucradas-en-el-robo-de-cable-del-fluido-electrico-en-san-antonio-de-benageber%e2%80%a8\/","title":{"rendered":"Detenidas dos personas involucradas en el robo de cable del fluido el\u00e9ctrico en San Antonio de Benag\u00e9ber\u2028"},"content":{"rendered":"\n<p><strong>La colaboraci\u00f3n ciudadana fue esencial<\/strong><\/p>\n\n\n\n<p><strong>La Polic\u00eda Local pudo incautar tambi\u00e9n todo el material sustra\u00eddo<\/strong><\/p>\n\n\n\n<p>El pasado mi\u00e9rcoles, la Polic\u00eda Local de San Antonio de Benag\u00e9ber detuvo a dos personas involucradas en el robo de cable del fluido el\u00e9ctrico p\u00fablico en nuestro municipio. Ambas personas fueron vistas por varios vecinos de la zona, que dieron aviso a la Polic\u00eda y estos pudieron detener a los implicados r\u00e1pidamente. Asimismo, los agentes pudieron incautar todo el cableado sustra\u00eddo.<\/p>\n\n\n\n<p>La Polic\u00eda Local \u201cagradece la llamada vecinal, por observar e informar de la situaci\u00f3n\u201d. \u201cEste tipo de alertas ayudan a conservar el patrimonio municipal y a no menoscabar los bienes de inter\u00e9s general, pues acciones como esta generan un alto da\u00f1o en la red y un coste que nos perjudica a todos\u201d.&nbsp;<\/p>\n\n\n\n<p>Desde el Ayuntamiento, y en especial desde la Polic\u00eda Local, se sigue potenciando la proximidad y la colaboraci\u00f3n ciudadana como factores primordiales a la hora de detectar cualquier actitud sospechosa e inc\u00edvica: robos, escombros, animales abandonados, violencia de g\u00e9nero y todo aquello que nos afecta como sociedad.&nbsp;<\/p>\n","protected":false},"excerpt":{"rendered":"<div class=\"mh-excerpt\">La colaboraci\u00f3n ciudadana fue esencial La Polic\u00eda Local pudo incautar tambi\u00e9n todo el material sustra\u00eddo El pasado mi\u00e9rcoles, la Polic\u00eda Local de San Antonio de Benag\u00e9ber detuvo a dos personas involucradas en el robo de <a class=\"mh-excerpt-more\" href=\"https:\/\/www.tucomarca.com\/wordpress\/segunda\/detenidas-dos-personas-involucradas-en-el-robo-de-cable-del-fluido-electrico-en-san-antonio-de-benageber%e2%80%a8\/\" title=\"Detenidas dos personas involucradas en el robo de cable del fluido el\u00e9ctrico en San Antonio de Benag\u00e9ber\u2028\">[+] <\/a><\/div>\n","protected":false},"author":13,"featured_media":163841,"comment_status":"open","ping_status":"open","sticky":false,"template":"","format":"standard","meta":{"footnotes":""},"categories":[46,128,8,183,3,116,45],"tags":[10395,692,10438,33],"class_list":{"0":"post-163838","1":"post","2":"type-post","3":"status-publish","4":"format-standard","5":"has-post-thumbnail","7":"category-camp-de-turia","8":"category-infraestructuras","9":"category-la-comarca","10":"category-san-antonio-de-benageber","11":"category-seccion","12":"category-sucesos-la-comarca","13":"category-ventana","14":"tag-camp-de-turia","15":"tag-robos","16":"tag-san-antonio-de-benageber","17":"tag-sucesos"},"_links":{"self":[{"href":"https:\/\/www.tucomarca.com\/wordpress\/segunda\/wp-json\/wp\/v2\/posts\/163838","targetHints":{"allow":["GET"]}}],"collection":[{"href":"https:\/\/www.tucomarca.com\/wordpress\/segunda\/wp-json\/wp\/v2\/posts"}],"about":[{"href":"https:\/\/www.tucomarca.com\/wordpress\/segunda\/wp-json\/wp\/v2\/types\/post"}],"author":[{"embeddable":true,"href":"https:\/\/www.tucomarca.com\/wordpress\/segunda\/wp-json\/wp\/v2\/users\/13"}],"replies":[{"embeddable":true,"href":"https:\/\/www.tucomarca.com\/wordpress\/segunda\/wp-json\/wp\/v2\/comments?post=163838"}],"version-history":[{"count":0,"href":"https:\/\/www.tucomarca.com\/wordpress\/segunda\/wp-json\/wp\/v2\/posts\/163838\/revisions"}],"wp:featuredmedia":[{"embeddable":true,"href":"https:\/\/www.tucomarca.com\/wordpress\/segunda\/wp-json\/wp\/v2\/media\/163841"}],"wp:attachment":[{"href":"https:\/\/www.tucomarca.com\/wordpress\/segunda\/wp-json\/wp\/v2\/media?parent=163838"}],"wp:term":[{"taxonomy":"category","embeddable":true,"href":"https:\/\/www.tucomarca.com\/wordpress\/segunda\/wp-json\/wp\/v2\/categories?post=163838"},{"taxonomy":"post_tag","embeddable":true,"href":"https:\/\/www.tucomarca.com\/wordpress\/segunda\/wp-json\/wp\/v2\/tags?post=163838"}],"curies":[{"name":"wp","href":"https:\/\/api.w.org\/{rel}","templated":true}]}}