{"id":16388,"date":"2013-07-11T12:15:03","date_gmt":"2013-07-11T09:15:03","guid":{"rendered":"http:\/\/www.tucomarca.com\/wordpress\/segunda\/?p=16388"},"modified":"2013-07-11T12:17:29","modified_gmt":"2013-07-11T09:17:29","slug":"la-do-utiel-requena-consigue-su-unico-gran-oro-a-nivel-nacional-con-%c2%abbodegas-palmera%c2%bb-en-el-premio-internacional-de-vinos-bio","status":"publish","type":"post","link":"https:\/\/www.tucomarca.com\/wordpress\/segunda\/la-do-utiel-requena-consigue-su-unico-gran-oro-a-nivel-nacional-con-%c2%abbodegas-palmera%c2%bb-en-el-premio-internacional-de-vinos-bio\/","title":{"rendered":"La DO Utiel-Requena consigue el oro con \u00abBodegas Palmera\u00bb en el premio internacional de vinos bio en Alemania"},"content":{"rendered":"<p>Bodegas Palmera, perteneciente a la Denominaci\u00f3n de Origen Utiel Requena, ha conseguido 3 grandes oros con sus vinos \u00abBobal y Merlot 2012\u00bb (tinto superior); \u00abCapricho 2010\u00bb (tinto) y \u00abRosado Palmera 2012\u00bb (rosado superior) en el concurso \u00abPremio Internacional de Vinos Bio\u00bb, celebrado en la ciudad alemana de Nuremberg.<\/p>\n<p>Como ha informado Vinetur, el gran oro para el \u00abRosado Palmera 2012\u00bb de la variedad Bobal, aut\u00f3ctona de la Do Utiel Requena, ha sido el \u00fanico gran oro en la categor\u00eda \u00abRosados\u00bb no s\u00f3lo de Utiel-Requena sino de toda Espa\u00f1a. En cuanto al total de premios, Bodegas Palmera ha sido la bodega m\u00e1s premiada de Espa\u00f1a (6 de un total de 63 premios). A\u00f1adir que los dos grandes oros para BOBAL Y MERLOT 2012 y CAPRICHO 2010 en categor\u00eda \u00abtintos\u00bb, con una puntuaci\u00f3n de 96, tan s\u00f3lo fue superada s\u00f3lo por un vino del Pened\u00e9s (98).<\/p>\n<p>Asimismo, ha conseguido 2 oros con sus marcas \u00abL \u00b4Angelet Crianza 2009\u00bb (tinto crianza) y \u00abVi\u00f1a Cabriel 2010\u00bb (tinto superior). En tercer lugar, el vino \u00abBobal tempranillo 2011\u00bb (tinto superior) recibi\u00f3 el premio \u00abRecomendaci\u00f3n\u00bb de dicho certamen internacional.<\/p>\n","protected":false},"excerpt":{"rendered":"<div class=\"mh-excerpt\">Bodegas Palmera, perteneciente a la Denominaci\u00f3n de Origen Utiel Requena, ha conseguido 3 grandes oros con sus vinos \u00abBobal y Merlot 2012\u00bb (tinto superior); \u00abCapricho 2010\u00bb (tinto) y \u00abRosado Palmera 2012\u00bb (rosado superior) en el <a class=\"mh-excerpt-more\" href=\"https:\/\/www.tucomarca.com\/wordpress\/segunda\/la-do-utiel-requena-consigue-su-unico-gran-oro-a-nivel-nacional-con-%c2%abbodegas-palmera%c2%bb-en-el-premio-internacional-de-vinos-bio\/\" title=\"La DO Utiel-Requena consigue el oro con \u00abBodegas Palmera\u00bb en el premio internacional de vinos bio en Alemania\">[+] <\/a><\/div>\n","protected":false},"author":2,"featured_media":0,"comment_status":"open","ping_status":"open","sticky":false,"template":"","format":"standard","meta":{"footnotes":""},"categories":[113,7,28,27,3,29],"tags":[780,1422,787,1421],"class_list":{"0":"post-16388","1":"post","2":"type-post","3":"status-publish","4":"format-standard","6":"category-vinos","7":"category-ocio-y-cultura","8":"category-requena","9":"category-requena-utiel","10":"category-seccion","11":"category-utiel","12":"tag-alemania","13":"tag-do-utiel-requena","14":"tag-premio","15":"tag-vinos-2"},"_links":{"self":[{"href":"https:\/\/www.tucomarca.com\/wordpress\/segunda\/wp-json\/wp\/v2\/posts\/16388","targetHints":{"allow":["GET"]}}],"collection":[{"href":"https:\/\/www.tucomarca.com\/wordpress\/segunda\/wp-json\/wp\/v2\/posts"}],"about":[{"href":"https:\/\/www.tucomarca.com\/wordpress\/segunda\/wp-json\/wp\/v2\/types\/post"}],"author":[{"embeddable":true,"href":"https:\/\/www.tucomarca.com\/wordpress\/segunda\/wp-json\/wp\/v2\/users\/2"}],"replies":[{"embeddable":true,"href":"https:\/\/www.tucomarca.com\/wordpress\/segunda\/wp-json\/wp\/v2\/comments?post=16388"}],"version-history":[{"count":0,"href":"https:\/\/www.tucomarca.com\/wordpress\/segunda\/wp-json\/wp\/v2\/posts\/16388\/revisions"}],"wp:attachment":[{"href":"https:\/\/www.tucomarca.com\/wordpress\/segunda\/wp-json\/wp\/v2\/media?parent=16388"}],"wp:term":[{"taxonomy":"category","embeddable":true,"href":"https:\/\/www.tucomarca.com\/wordpress\/segunda\/wp-json\/wp\/v2\/categories?post=16388"},{"taxonomy":"post_tag","embeddable":true,"href":"https:\/\/www.tucomarca.com\/wordpress\/segunda\/wp-json\/wp\/v2\/tags?post=16388"}],"curies":[{"name":"wp","href":"https:\/\/api.w.org\/{rel}","templated":true}]}}