{"id":164174,"date":"2022-08-10T12:00:00","date_gmt":"2022-08-10T10:00:00","guid":{"rendered":"http:\/\/www.tucomarca.com\/wordpress\/segunda\/?p=164174"},"modified":"2022-08-10T14:24:35","modified_gmt":"2022-08-10T12:24:35","slug":"la-diputacio-distribuye-142-000-euros-entre-10-municipios-turisticos-de-la-hoya-de-bunol-y-el-valle-de-ayora","status":"publish","type":"post","link":"https:\/\/www.tucomarca.com\/wordpress\/segunda\/la-diputacio-distribuye-142-000-euros-entre-10-municipios-turisticos-de-la-hoya-de-bunol-y-el-valle-de-ayora\/","title":{"rendered":"La Diputaci\u00f3 distribuye 142.000 euros entre 10 municipios tur\u00edsticos de La Hoya de Bu\u00f1ol-Chiva y el Valle de Ayora"},"content":{"rendered":"\n<p><strong>Cheste, Chiva, Siete Aguas, Y\u00e1tova y Bu\u00f1ol en La Hoya, y Cofrentes, Jalance, Jarafuel, Cortes de Pall\u00e1s y Ayora en el Valle forman parte de este fondo incondicionado al que la Diputaci\u00f3 aporta dos millones de euros<\/strong><\/p>\n\n\n\n<p><strong>Esta aportaci\u00f3n de 1.855.301 euros que gestiona el \u00e1rea de Turismo, se suma a los 80 millones que la corporaci\u00f3n provincial ha destinado este a\u00f1o al Fondo de Cooperaci\u00f3n Municipal junto a la Generalitat<\/strong><\/p>\n\n\n\n<p>La Diputaci\u00f3 de Val\u00e8ncia distribuir\u00e1 142.000 euros entre una decena de municipios tur\u00edsticos de la Hoya de Bu\u00f1ol y el Valle de Ayora, correspondientes al Fondo de Cooperaci\u00f3n Municipal para localidades tur\u00edsticas, en el que la corporaci\u00f3n provincial participa junto al Consell. Por comarcas, La Hoya recibir\u00e1 59.722 euros para cinco de sus municipios, y el Valle de Ayora-Cofrentes 82.890 euros para otras tantas localidades.<\/p>\n\n\n\n<p>Entre los municipios de La Hoya, Bu\u00f1ol recibir\u00e1 15.244 euros, Cheste 12.521, Chiva 11.626, Siete Aguas 10.425 y Y\u00e1tova cerca de 10.000 euros. En la vecina comarca del Valle de Ayora, Cofrentes tiene asignados 24.560 euros, Jarafuel y Ayora superan los 15.000, Jalance dispondr\u00e1 de 14.340 euros y Cortes de Pall\u00e1s de algo m\u00e1s de 13.000.<\/p>\n\n\n\n<p>La Diputaci\u00f3 de Val\u00e8ncia repartir\u00e1 este a\u00f1o cerca de dos millones de euros entre los 101 municipios tur\u00edsticos de la provincia, en el marco del Fondo de Cooperaci\u00f3n Municipal, que cuenta con un ap\u00e9ndice para pueblos en riesgo de despoblaci\u00f3n y otro para dinamizar la econom\u00eda de estas localidades consideradas tur\u00edsticas.<\/p>\n\n\n\n<p>Esta l\u00ednea espec\u00edfica de inversi\u00f3n, publicada en el BOP, se sit\u00faa este a\u00f1o en 1.855.301 euros, que la Diputaci\u00f3 repartir\u00e1 entre los municipios tur\u00edsticos de la provincia, la misma cantidad que aporta la Generalitat a las localidades valencianas de forma incondicionada. Es decir, las transferencias llegar\u00e1n a los ayuntamientos, que dispondr\u00e1n de cerca de cuatro millones de euros para financiar globalmente actividades y servicios que decidir\u00e1n los propios consistorios en funci\u00f3n de las competencias asumidas.<\/p>\n\n\n\n<p><strong>Agilidad y autonom\u00eda<\/strong><\/p>\n\n\n\n<p>El diputado de Turismo, Jordi Mayor, destaca que las ayudas \u201cse han podido aprobar antes que en el anterior ejercicio y llegar\u00e1n de forma \u00e1gil y eficaz a los ayuntamientos\u201d. La partida funciona como la del Fondo de Cooperaci\u00f3n, pudi\u00e9ndose destinar a inversi\u00f3n y gasto corriente, con \u201cla esencia de esta l\u00ednea de inversi\u00f3n que respeta la autonom\u00eda municipal, siendo los alcaldes y alcaldesas los que finalmente definir\u00e1n las actuaciones que se financian en sus pueblos\u201d, a\u00f1ade el responsable provincial de Turismo.<\/p>\n\n\n\n<p>Bajo los principios de objetividad y equidad y teniendo en cuenta indicadores de poblaci\u00f3n y actividad tur\u00edstica, la distribuci\u00f3n de la aportaci\u00f3n provincial entre los 101 ayuntamientos valencianos va desde los 9.000 euros que corresponden a pueblos como Sollana, Alfauir y Potries hasta los 113.000 euros de Gandia, pasando por los 50.000 euros de Sagunto, los 93.000 de Oliva y los 105.000 de Cullera, entre otros.<\/p>\n\n\n\n<p>Todas las comarcas valencianas cuentan con alg\u00fan municipio o municipios catalogados como tur\u00edsticos y est\u00e1n incluidas en este fondo de naturaleza incondicionada y no finalista. La aportaci\u00f3n de 1.855.000 euros es un ap\u00e9ndice del Fondo de Cooperaci\u00f3n Municipal y se suma a los 80 millones que la corporaci\u00f3n valenciana ha repartido este a\u00f1o entre las 266 localidades valencianas a trav\u00e9s del Fondo, cuadruplicando la cantidad destinada por el Consell a la provincia en este programa conjunto de financiaci\u00f3n local.<\/p>\n","protected":false},"excerpt":{"rendered":"<div class=\"mh-excerpt\">Cheste, Chiva, Siete Aguas, Y\u00e1tova y Bu\u00f1ol en La Hoya, y Cofrentes, Jalance, Jarafuel, Cortes de Pall\u00e1s y Ayora en el Valle forman parte de este fondo incondicionado al que la Diputaci\u00f3 aporta dos millones <a class=\"mh-excerpt-more\" href=\"https:\/\/www.tucomarca.com\/wordpress\/segunda\/la-diputacio-distribuye-142-000-euros-entre-10-municipios-turisticos-de-la-hoya-de-bunol-y-el-valle-de-ayora\/\" title=\"La Diputaci\u00f3 distribuye 142.000 euros entre 10 municipios tur\u00edsticos de La Hoya de Bu\u00f1ol-Chiva y el Valle de Ayora\">[+] <\/a><\/div>\n","protected":false},"author":13,"featured_media":164176,"comment_status":"open","ping_status":"open","sticky":false,"template":"","format":"standard","meta":{"footnotes":""},"categories":[39,38,18,17,16,41,40,128,230,231,8,10,7,142,3,12,45,11],"tags":[10391,10540,10385,339,10384,10393,10392,10684,10452,5952,10381,10380],"class_list":{"0":"post-164174","1":"post","2":"type-post","3":"status-publish","4":"format-standard","5":"has-post-thumbnail","7":"category-ayora","8":"category-ayora-cofrentes","9":"category-bunol","10":"category-cheste","11":"category-chiva","12":"category-cofrentes","13":"category-cortes-de-pallas","14":"category-infraestructuras","15":"category-jalance","16":"category-jarafuel","17":"category-la-comarca","18":"category-la-hoya","19":"category-ocio-y-cultura","20":"category-politica-la-comarca","21":"category-seccion","22":"category-siete-aguas","23":"category-ventana","24":"category-yatova","25":"tag-ayora","26":"tag-ayora-cofrentes","27":"tag-bunol","28":"tag-cheste-2","29":"tag-chiva","30":"tag-cofrentes","31":"tag-cortes-de-pallas","32":"tag-jalance","33":"tag-jarafuel","34":"tag-la-hoya-de-bunol-chiva","35":"tag-siete-aguas","36":"tag-yatova"},"_links":{"self":[{"href":"https:\/\/www.tucomarca.com\/wordpress\/segunda\/wp-json\/wp\/v2\/posts\/164174","targetHints":{"allow":["GET"]}}],"collection":[{"href":"https:\/\/www.tucomarca.com\/wordpress\/segunda\/wp-json\/wp\/v2\/posts"}],"about":[{"href":"https:\/\/www.tucomarca.com\/wordpress\/segunda\/wp-json\/wp\/v2\/types\/post"}],"author":[{"embeddable":true,"href":"https:\/\/www.tucomarca.com\/wordpress\/segunda\/wp-json\/wp\/v2\/users\/13"}],"replies":[{"embeddable":true,"href":"https:\/\/www.tucomarca.com\/wordpress\/segunda\/wp-json\/wp\/v2\/comments?post=164174"}],"version-history":[{"count":0,"href":"https:\/\/www.tucomarca.com\/wordpress\/segunda\/wp-json\/wp\/v2\/posts\/164174\/revisions"}],"wp:featuredmedia":[{"embeddable":true,"href":"https:\/\/www.tucomarca.com\/wordpress\/segunda\/wp-json\/wp\/v2\/media\/164176"}],"wp:attachment":[{"href":"https:\/\/www.tucomarca.com\/wordpress\/segunda\/wp-json\/wp\/v2\/media?parent=164174"}],"wp:term":[{"taxonomy":"category","embeddable":true,"href":"https:\/\/www.tucomarca.com\/wordpress\/segunda\/wp-json\/wp\/v2\/categories?post=164174"},{"taxonomy":"post_tag","embeddable":true,"href":"https:\/\/www.tucomarca.com\/wordpress\/segunda\/wp-json\/wp\/v2\/tags?post=164174"}],"curies":[{"name":"wp","href":"https:\/\/api.w.org\/{rel}","templated":true}]}}