{"id":164264,"date":"2022-08-11T10:05:00","date_gmt":"2022-08-11T08:05:00","guid":{"rendered":"http:\/\/www.tucomarca.com\/wordpress\/segunda\/?p=164264"},"modified":"2022-08-11T12:45:52","modified_gmt":"2022-08-11T10:45:52","slug":"la-diputacio-distribuye-172-000-euros-entre-13-municipios-turisticos-de-la-serrania-y-el-rincon-de-ademuz","status":"publish","type":"post","link":"https:\/\/www.tucomarca.com\/wordpress\/segunda\/la-diputacio-distribuye-172-000-euros-entre-13-municipios-turisticos-de-la-serrania-y-el-rincon-de-ademuz\/","title":{"rendered":"La Diputaci\u00f3 distribuye 172.000 euros entre 13 municipios tur\u00edsticos de La Serran\u00eda y El Rinc\u00f3n de Ademuz"},"content":{"rendered":"\n<p><strong>Chulilla, Alpuente, Andilla, Aras de los Olmos, Benag\u00e9ber, Calles, Chelva, Gestalgar, Pedralba, Sot de Chera y Titaguas en La Serran\u00eda, y Ademuz y Castielfabib en el Rinc\u00f3n forman parte de este fondo incondicionado al que la Diputaci\u00f3n aporta dos millones de euros<\/strong><\/p>\n\n\n\n<p><strong>Esta aportaci\u00f3n de 1.855.301 euros que gestiona el \u00e1rea de Turismo se suma a los 80 millones que la corporaci\u00f3n provincial ha destinado este a\u00f1o al Fondo de Cooperaci\u00f3n Municipal junto a la Generalitat<\/strong><\/p>\n\n\n\n<p>La Diputaci\u00f3 de Val\u00e8ncia distribuir\u00e1 172.000 euros entre 13 municipios tur\u00edsticos de La Serran\u00eda y El Rinc\u00f3n de Ademuz, correspondientes al Fondo de Cooperaci\u00f3n Municipal para localidades tur\u00edsticas, en el que la corporaci\u00f3n provincial participa junto al Consell. Por comarcas, La Serran\u00eda recibir\u00e1 144.135 euros para 11 de sus municipios, y el Rinc\u00f3n 28.435 euros que se repartir\u00e1n Ademuz y Castielfabib.&nbsp;<\/p>\n\n\n\n<p>Entre los municipios serranos, Chulilla recibir\u00e1 20.200 euros, Chelva 16.400 y Andilla y Benag\u00e9ber m\u00e1s de 14.500. Adem\u00e1s, a Alpuente le corresponden 13.700 euros y Sot de Chera y Aras de los Olmos superan los 12.000, con 10.000 euros para Gestalgar y Calles y algo m\u00e1s de 9.500 para Titaguas y Pedralba. En el Rinc\u00f3n, Castielfabib dispondr\u00e1 de 14.700 euros y Ademuz de 13.700.<\/p>\n\n\n\n<p>La Diputaci\u00f3 de Val\u00e8ncia repartir\u00e1 este a\u00f1o cerca de dos millones de euros entre los 101 municipios tur\u00edsticos de la provincia, en el marco del Fondo de Cooperaci\u00f3n Municipal, que cuenta con un ap\u00e9ndice para pueblos en riesgo de despoblaci\u00f3n y otro para dinamizar la econom\u00eda de estas localidades consideradas tur\u00edsticas.<\/p>\n\n\n\n<p>Esta l\u00ednea espec\u00edfica de inversi\u00f3n, publicada en el BOP, se sit\u00faa este a\u00f1o en 1.855.301 euros, que la Diputaci\u00f3 repartir\u00e1 entre los municipios tur\u00edsticos de la provincia, la misma cantidad que aporta la Generalitat a las localidades valencianas de forma incondicionada. Es decir, las transferencias llegar\u00e1n a los ayuntamientos, que dispondr\u00e1n de cerca de cuatro millones de euros para financiar globalmente actividades y servicios que decidir\u00e1n los propios consistorios en funci\u00f3n de las competencias asumidas.<\/p>\n\n\n\n<p><strong>Agilidad y autonom\u00eda<\/strong><\/p>\n\n\n\n<p>El diputado de Turismo, Jordi Mayor, destaca que las ayudas \u201cse han podido aprobar antes que en el anterior ejercicio y llegar\u00e1n de forma \u00e1gil y eficaz a los ayuntamientos\u201d. La partida funciona como la del Fondo de Cooperaci\u00f3n, pudi\u00e9ndose destinar a inversi\u00f3n y gasto corriente, con \u201cla esencia de esta l\u00ednea de inversi\u00f3n que respeta la autonom\u00eda municipal, siendo los alcaldes y alcaldesas los que finalmente definir\u00e1n las actuaciones que se financian en sus pueblos\u201d, a\u00f1ade el responsable provincial de Turismo.<\/p>\n\n\n\n<p>Bajo los principios de objetividad y equidad y teniendo en cuenta indicadores de poblaci\u00f3n y actividad tur\u00edstica, la distribuci\u00f3n de la aportaci\u00f3n provincial entre los 101 ayuntamientos valencianos va desde los 9.000 euros que corresponden a pueblos como Sollana, Alfauir y Potries hasta los 113.000 euros de Gandia, pasando por los 50.000 euros de Sagunto, los 93.000 de Oliva y los 105.000 de Cullera, entre otros.<\/p>\n\n\n\n<p>Todas las comarcas valencianas cuentan con alg\u00fan municipio o municipios catalogados como tur\u00edsticos y est\u00e1n incluidas en este fondo de naturaleza incondicionada y no finalista. La aportaci\u00f3n de 1.855.000 euros es un ap\u00e9ndice del Fondo de Cooperaci\u00f3n Municipal y se suma a los 80 millones que la corporaci\u00f3n valenciana ha repartido este a\u00f1o entre las 266 localidades valencianas a trav\u00e9s del Fondo, cuadruplicando la cantidad destinada por el Consell a la provincia en este programa conjunto de financiaci\u00f3n local.<\/p>\n","protected":false},"excerpt":{"rendered":"<div class=\"mh-excerpt\">Chulilla, Alpuente, Andilla, Aras de los Olmos, Benag\u00e9ber, Calles, Chelva, Gestalgar, Pedralba, Sot de Chera y Titaguas en La Serran\u00eda, y Ademuz y Castielfabib en el Rinc\u00f3n forman parte de este fondo incondicionado al que <a class=\"mh-excerpt-more\" href=\"https:\/\/www.tucomarca.com\/wordpress\/segunda\/la-diputacio-distribuye-172-000-euros-entre-13-municipios-turisticos-de-la-serrania-y-el-rincon-de-ademuz\/\" title=\"La Diputaci\u00f3 distribuye 172.000 euros entre 13 municipios tur\u00edsticos de La Serran\u00eda y El Rinc\u00f3n de Ademuz\">[+] <\/a><\/div>\n","protected":false},"author":13,"featured_media":164265,"comment_status":"open","ping_status":"open","sticky":false,"template":"","format":"standard","meta":{"footnotes":""},"categories":[223,49,198,191,101,141,190,226,192,193,128,8,72,59,196,142,3,197,189,45],"tags":[10397,10450,10444,8766,10418,1327,17520,10445,10446,10400,10448,1318,10449,10443],"class_list":{"0":"post-164264","1":"post","2":"type-post","3":"status-publish","4":"format-standard","5":"has-post-thumbnail","7":"category-ademuz-ademuz","8":"category-ademuz","9":"category-alpuente","10":"category-andilla","11":"category-aras-de-olmos","12":"category-benageber","13":"category-calles","14":"category-castielfabib","15":"category-chulilla","16":"category-gestalgar","17":"category-infraestructuras","18":"category-la-comarca","19":"category-sin-categorizar","20":"category-los-serranos","21":"category-pedralba","22":"category-politica-la-comarca","23":"category-seccion","24":"category-sot-de-chera","25":"category-titaguas","26":"category-ventana","27":"tag-ademuz","28":"tag-alpuente","29":"tag-andilla","30":"tag-aras-de-los-olmos","31":"tag-benageber","32":"tag-calles-2","33":"tag-castielfabib","34":"tag-chulilla","35":"tag-gestalgar","36":"tag-los-serranos","37":"tag-pedralba","38":"tag-rincon-de-ademuz","39":"tag-sot-de-chera","40":"tag-titaguas"},"_links":{"self":[{"href":"https:\/\/www.tucomarca.com\/wordpress\/segunda\/wp-json\/wp\/v2\/posts\/164264","targetHints":{"allow":["GET"]}}],"collection":[{"href":"https:\/\/www.tucomarca.com\/wordpress\/segunda\/wp-json\/wp\/v2\/posts"}],"about":[{"href":"https:\/\/www.tucomarca.com\/wordpress\/segunda\/wp-json\/wp\/v2\/types\/post"}],"author":[{"embeddable":true,"href":"https:\/\/www.tucomarca.com\/wordpress\/segunda\/wp-json\/wp\/v2\/users\/13"}],"replies":[{"embeddable":true,"href":"https:\/\/www.tucomarca.com\/wordpress\/segunda\/wp-json\/wp\/v2\/comments?post=164264"}],"version-history":[{"count":0,"href":"https:\/\/www.tucomarca.com\/wordpress\/segunda\/wp-json\/wp\/v2\/posts\/164264\/revisions"}],"wp:featuredmedia":[{"embeddable":true,"href":"https:\/\/www.tucomarca.com\/wordpress\/segunda\/wp-json\/wp\/v2\/media\/164265"}],"wp:attachment":[{"href":"https:\/\/www.tucomarca.com\/wordpress\/segunda\/wp-json\/wp\/v2\/media?parent=164264"}],"wp:term":[{"taxonomy":"category","embeddable":true,"href":"https:\/\/www.tucomarca.com\/wordpress\/segunda\/wp-json\/wp\/v2\/categories?post=164264"},{"taxonomy":"post_tag","embeddable":true,"href":"https:\/\/www.tucomarca.com\/wordpress\/segunda\/wp-json\/wp\/v2\/tags?post=164264"}],"curies":[{"name":"wp","href":"https:\/\/api.w.org\/{rel}","templated":true}]}}