{"id":164366,"date":"2022-08-11T12:00:00","date_gmt":"2022-08-11T10:00:00","guid":{"rendered":"http:\/\/www.tucomarca.com\/wordpress\/segunda\/?p=164366"},"modified":"2022-08-11T19:05:43","modified_gmt":"2022-08-11T17:05:43","slug":"un-incendio-forestal-afecta-a-una-pinada-cerca-del-castillo-de-chiva","status":"publish","type":"post","link":"https:\/\/www.tucomarca.com\/wordpress\/segunda\/un-incendio-forestal-afecta-a-una-pinada-cerca-del-castillo-de-chiva\/","title":{"rendered":"Un incendio forestal afecta a una pinada cerca del castillo de Chiva"},"content":{"rendered":"\n<h4 class=\"wp-block-heading\">El aviso del incendio se recibi\u00f3 ayer a la 13.50 horas y posteriormente se declar\u00f3 forestal<\/h4>\n\n\n\n<p>Efectivos de bomberos han dado por extinguido a \u00faltima hora de la tarde de ayer un<strong> <\/strong>incendio declarado el mi\u00e9rcoles en una zona de pinada pr\u00f3xima al castillo de Chiva, seg\u00fan han informado el Centro de Coordinaci\u00f3n de Emergencias de la Generalitat y el Consorcio Provincial de Bomberos de Valencia.<\/p>\n\n\n\n<p>El aviso por el incendio que posteriormente se ha declarado forestal se recibi\u00f3 sobre las 13.50 horas, hasta all\u00ed se movilizaron tres dotaciones de Paterna y Requena y dos mandos del Consorcio Provincial de Bomberos de Valencia, una unidad de Bomberos Forestales de la Generalitat, una autobomba y un medio a\u00e9reo.<\/p>\n\n\n\n<p>La evoluci\u00f3n del fuego ha obligado a Emerg\u00e8ncies 112CV a establecer la Situaci\u00f3n 1 del Plan Especial Frente al Riesgo de Incendios Forestales (PEIF), que se establece cuando puede afectar gravemente a bienes forestales o afectar levemente a la poblaci\u00f3n y bienes de naturaleza no forestal, para cuya extinci\u00f3n puede ser necesario incorporar medios extraordinarios.<\/p>\n\n\n\n<figure class=\"wp-block-image size-large\"><img loading=\"lazy\" decoding=\"async\" width=\"1024\" height=\"1024\" src=\"https:\/\/www.tucomarca.com\/wordpress\/segunda\/wp-content\/uploads\/2022\/08\/ChivaIncendio2-1024x1024.jpeg\" alt=\"\" class=\"wp-image-164391\" srcset=\"https:\/\/www.tucomarca.com\/wordpress\/segunda\/wp-content\/uploads\/2022\/08\/ChivaIncendio2-1024x1024.jpeg 1024w, https:\/\/www.tucomarca.com\/wordpress\/segunda\/wp-content\/uploads\/2022\/08\/ChivaIncendio2-300x300.jpeg 300w, https:\/\/www.tucomarca.com\/wordpress\/segunda\/wp-content\/uploads\/2022\/08\/ChivaIncendio2-290x290.jpeg 290w, https:\/\/www.tucomarca.com\/wordpress\/segunda\/wp-content\/uploads\/2022\/08\/ChivaIncendio2-768x768.jpeg 768w, https:\/\/www.tucomarca.com\/wordpress\/segunda\/wp-content\/uploads\/2022\/08\/ChivaIncendio2-1536x1536.jpeg 1536w, https:\/\/www.tucomarca.com\/wordpress\/segunda\/wp-content\/uploads\/2022\/08\/ChivaIncendio2.jpeg 1920w\" sizes=\"auto, (max-width: 1024px) 100vw, 1024px\" \/><\/figure>\n","protected":false},"excerpt":{"rendered":"<div class=\"mh-excerpt\">El aviso del incendio se recibi\u00f3 ayer a la 13.50 horas y posteriormente se declar\u00f3 forestal Efectivos de bomberos han dado por extinguido a \u00faltima hora de la tarde de ayer un incendio declarado el <a class=\"mh-excerpt-more\" href=\"https:\/\/www.tucomarca.com\/wordpress\/segunda\/un-incendio-forestal-afecta-a-una-pinada-cerca-del-castillo-de-chiva\/\" title=\"Un incendio forestal afecta a una pinada cerca del castillo de Chiva\">[+] <\/a><\/div>\n","protected":false},"author":12,"featured_media":164389,"comment_status":"open","ping_status":"open","sticky":false,"template":"","format":"standard","meta":{"footnotes":""},"categories":[16,128,8,10,117,3,116,45],"tags":[17644,10384,1401,5952],"class_list":{"0":"post-164366","1":"post","2":"type-post","3":"status-publish","4":"format-standard","5":"has-post-thumbnail","7":"category-chiva","8":"category-infraestructuras","9":"category-la-comarca","10":"category-la-hoya","11":"category-medio-ambiente-la-comarca","12":"category-seccion","13":"category-sucesos-la-comarca","14":"category-ventana","15":"tag-castillo-de-chiva","16":"tag-chiva","17":"tag-incendio-forestal","18":"tag-la-hoya-de-bunol-chiva"},"_links":{"self":[{"href":"https:\/\/www.tucomarca.com\/wordpress\/segunda\/wp-json\/wp\/v2\/posts\/164366","targetHints":{"allow":["GET"]}}],"collection":[{"href":"https:\/\/www.tucomarca.com\/wordpress\/segunda\/wp-json\/wp\/v2\/posts"}],"about":[{"href":"https:\/\/www.tucomarca.com\/wordpress\/segunda\/wp-json\/wp\/v2\/types\/post"}],"author":[{"embeddable":true,"href":"https:\/\/www.tucomarca.com\/wordpress\/segunda\/wp-json\/wp\/v2\/users\/12"}],"replies":[{"embeddable":true,"href":"https:\/\/www.tucomarca.com\/wordpress\/segunda\/wp-json\/wp\/v2\/comments?post=164366"}],"version-history":[{"count":0,"href":"https:\/\/www.tucomarca.com\/wordpress\/segunda\/wp-json\/wp\/v2\/posts\/164366\/revisions"}],"wp:featuredmedia":[{"embeddable":true,"href":"https:\/\/www.tucomarca.com\/wordpress\/segunda\/wp-json\/wp\/v2\/media\/164389"}],"wp:attachment":[{"href":"https:\/\/www.tucomarca.com\/wordpress\/segunda\/wp-json\/wp\/v2\/media?parent=164366"}],"wp:term":[{"taxonomy":"category","embeddable":true,"href":"https:\/\/www.tucomarca.com\/wordpress\/segunda\/wp-json\/wp\/v2\/categories?post=164366"},{"taxonomy":"post_tag","embeddable":true,"href":"https:\/\/www.tucomarca.com\/wordpress\/segunda\/wp-json\/wp\/v2\/tags?post=164366"}],"curies":[{"name":"wp","href":"https:\/\/api.w.org\/{rel}","templated":true}]}}