{"id":164431,"date":"2022-08-13T10:59:00","date_gmt":"2022-08-13T08:59:00","guid":{"rendered":"http:\/\/www.tucomarca.com\/wordpress\/segunda\/?p=164431"},"modified":"2022-08-13T13:04:25","modified_gmt":"2022-08-13T11:04:25","slug":"cooperatives-agro-alimentaries-de-la-cv-denuncia-el-desmesurado-incremento-de-los-robos-en-campo-que-se-ha-producido-en-las-ultimas-semanas","status":"publish","type":"post","link":"https:\/\/www.tucomarca.com\/wordpress\/segunda\/cooperatives-agro-alimentaries-de-la-cv-denuncia-el-desmesurado-incremento-de-los-robos-en-campo-que-se-ha-producido-en-las-ultimas-semanas\/","title":{"rendered":"Cooperatives Agro-aliment\u00e0ries de la CV denuncia el desmesurado incremento de los robos en campo que se ha producido en las \u00faltimas semanas"},"content":{"rendered":"\n<p><strong>El fen\u00f3meno se ha multiplicado en cultivos como la algarroba, cuya cotizaci\u00f3n se ha incrementado en las \u00faltimas campa\u00f1as, y se teme que se pueda producir tambi\u00e9n en olivar, c\u00edtricos o caqui, productos cuya previsi\u00f3n de campa\u00f1a es m\u00e1s corta que en otros a\u00f1os.<\/strong><\/p>\n\n\n\n<p><strong>Federaci\u00f3 ha remitido una carta a la Delegada del Gobierno en la Comunitat, Pilar Bernab\u00e9, solicitando la adopci\u00f3n de medidas urgentes y la convocatoria del Grupo de Trabajo que re\u00fane a los representantes del sector agrario con responsables pol\u00edticos, del Poder Judicial y mandos de las Fuerzas y Cuerpos de Seguridad del Estado.<\/strong><\/p>\n\n\n\n<p>Cooperatives Agro-aliment\u00e0ries de la Comunitat Valenciana muestra su profunda preocupaci\u00f3n por el desmesurado incremento de los robos en campo que se ha producido en las \u00faltimas semanas. El robo de algarrobas, en comarcas valencianas como el Camp del Turia, Los Serranos, La Hoya de Bu\u00f1ol, as\u00ed como en el interior de la provincia de Castell\u00f3n, ejemplifica el incremento de estas actividades delictivas, que suponen un grave perjuicio econ\u00f3mico para los productores afectados y un problema de seguridad alimentaria.<\/p>\n\n\n\n<p>El presidente de Federaci\u00f3, Cirilo Arnandis, destaca que \u201cla mayor parte de estos robos son perpetrados por grupos organizados que son conscientes del incremento del valor comercial de este cultivo, y que disponen de los canales adecuados para introducir las cosechas sustra\u00eddas en el mercado\u201d. Este \u00faltimo elemento supone una preocupaci\u00f3n adicional, a juicio de Federaci\u00f3, ya que los productos robados acaban siendo comercializados sin las adecuadas garant\u00edas de seguridad alimentaria y carecen de la trazabilidad que determina inequ\u00edvocamente su origen. De hecho, la sustracci\u00f3n de cosechas lleva aparejada habitualmente la comisi\u00f3n de otros delitos, como la falsificaci\u00f3n de estos documentos de trazabilidad, que inducen al consumidor a enga\u00f1o.<\/p>\n\n\n\n<p>En fechas recientes se ha conocido la noticia de la detenci\u00f3n de una red que hab\u00eda robado 52 toneladas de algarrobas en localidades del Camp del Turia y La Ribera Alta. Sobre esta cuesti\u00f3n, Arnandis ha manifestado que \u201csin duda se trata de una buena noticia, que puede suponer un elemento coercitivo, pero que desafortunadamente no acaba con el problema de robos que est\u00e1 atravesando el campo valenciano. Es necesario seguir profundizando en <\/p>\n\n\n\n<p>esta l\u00ednea de investigaci\u00f3n y actuaci\u00f3n para obtener nuevos \u00e9xitos en la lucha contra los robos en el campo valenciano\u201d.<\/p>\n\n\n\n<p>Ante esta situaci\u00f3n, Cooperatives Agro-aliment\u00e0ries de la Comunitat Valenciana ha remitido una carta a la Delegada del Gobierno en la Comunitat Valenciana, Pilar Bernab\u00e9, en la que ha solicitado la adopci\u00f3n urgente de las medidas que se consideren necesarias para hacer frente al problema, proponiendo adem\u00e1s la convocatoria del Grupo de Trabajo organizado por Delegaci\u00f3n de Gobierno que re\u00fane a representantes del sector agrario con responsables pol\u00edticos, del Poder Judicial y de las Fuerzas y Cuerpos de Seguridad del Estado.<\/p>\n\n\n\n<p>Para el presidente de Federaci\u00f3, \u201cla colaboraci\u00f3n entre Administraciones, Poder Judicial y Fuerzas y Cuerpos de Seguridad del Estado ha resultado muy efectiva en el pasado para poner freno a este fen\u00f3meno, desmantelando redes dedicadas al robo sistem\u00e1tico de productos agr\u00edcolas y a su posterior comercializaci\u00f3n por canales alternativos\u201d. Arnandis tambi\u00e9n destaca que&nbsp;\u201ces el momento adecuado de volver a reunirnos y de abordar conjuntamente la respuesta a ofrecer ante la situaci\u00f3n actual, que puede agravarse en los pr\u00f3ximos meses con robos en olivar, c\u00edtricos o caqui, productos cuyas campa\u00f1as se antojan cortas por las condiciones meteorol\u00f3gicas que se han producido en los \u00faltimos meses\u201d.<\/p>\n","protected":false},"excerpt":{"rendered":"<div class=\"mh-excerpt\">El fen\u00f3meno se ha multiplicado en cultivos como la algarroba, cuya cotizaci\u00f3n se ha incrementado en las \u00faltimas campa\u00f1as, y se teme que se pueda producir tambi\u00e9n en olivar, c\u00edtricos o caqui, productos cuya previsi\u00f3n <a class=\"mh-excerpt-more\" href=\"https:\/\/www.tucomarca.com\/wordpress\/segunda\/cooperatives-agro-alimentaries-de-la-cv-denuncia-el-desmesurado-incremento-de-los-robos-en-campo-que-se-ha-producido-en-las-ultimas-semanas\/\" title=\"Cooperatives Agro-aliment\u00e0ries de la CV denuncia el desmesurado incremento de los robos en campo que se ha producido en las \u00faltimas semanas\">[+] <\/a><\/div>\n","protected":false},"author":13,"featured_media":163596,"comment_status":"open","ping_status":"open","sticky":false,"template":"","format":"standard","meta":{"footnotes":""},"categories":[169,46,128,8,72,10,42,59,3,116,45],"tags":[85,10395,5952,10400],"class_list":{"0":"post-164431","1":"post","2":"type-post","3":"status-publish","4":"format-standard","5":"has-post-thumbnail","7":"category-agricultura-la-comarca","8":"category-camp-de-turia","9":"category-infraestructuras","10":"category-la-comarca","11":"category-sin-categorizar","12":"category-la-hoya","13":"category-la-ribera","14":"category-los-serranos","15":"category-seccion","16":"category-sucesos-la-comarca","17":"category-ventana","18":"tag-agricultura","19":"tag-camp-de-turia","20":"tag-la-hoya-de-bunol-chiva","21":"tag-los-serranos"},"_links":{"self":[{"href":"https:\/\/www.tucomarca.com\/wordpress\/segunda\/wp-json\/wp\/v2\/posts\/164431","targetHints":{"allow":["GET"]}}],"collection":[{"href":"https:\/\/www.tucomarca.com\/wordpress\/segunda\/wp-json\/wp\/v2\/posts"}],"about":[{"href":"https:\/\/www.tucomarca.com\/wordpress\/segunda\/wp-json\/wp\/v2\/types\/post"}],"author":[{"embeddable":true,"href":"https:\/\/www.tucomarca.com\/wordpress\/segunda\/wp-json\/wp\/v2\/users\/13"}],"replies":[{"embeddable":true,"href":"https:\/\/www.tucomarca.com\/wordpress\/segunda\/wp-json\/wp\/v2\/comments?post=164431"}],"version-history":[{"count":0,"href":"https:\/\/www.tucomarca.com\/wordpress\/segunda\/wp-json\/wp\/v2\/posts\/164431\/revisions"}],"wp:featuredmedia":[{"embeddable":true,"href":"https:\/\/www.tucomarca.com\/wordpress\/segunda\/wp-json\/wp\/v2\/media\/163596"}],"wp:attachment":[{"href":"https:\/\/www.tucomarca.com\/wordpress\/segunda\/wp-json\/wp\/v2\/media?parent=164431"}],"wp:term":[{"taxonomy":"category","embeddable":true,"href":"https:\/\/www.tucomarca.com\/wordpress\/segunda\/wp-json\/wp\/v2\/categories?post=164431"},{"taxonomy":"post_tag","embeddable":true,"href":"https:\/\/www.tucomarca.com\/wordpress\/segunda\/wp-json\/wp\/v2\/tags?post=164431"}],"curies":[{"name":"wp","href":"https:\/\/api.w.org\/{rel}","templated":true}]}}