{"id":164450,"date":"2022-08-13T11:00:00","date_gmt":"2022-08-13T09:00:00","guid":{"rendered":"http:\/\/www.tucomarca.com\/wordpress\/segunda\/?p=164450"},"modified":"2022-08-13T12:51:08","modified_gmt":"2022-08-13T10:51:08","slug":"un-parapentista-fallecido-en-carcaixent-otro-herido-en-alzira-y-trece-incidencias-por-incendios-a-causa-de-las-fuertes-rachas-de-viento","status":"publish","type":"post","link":"https:\/\/www.tucomarca.com\/wordpress\/segunda\/un-parapentista-fallecido-en-carcaixent-otro-herido-en-alzira-y-trece-incidencias-por-incendios-a-causa-de-las-fuertes-rachas-de-viento\/","title":{"rendered":"Un parapentista fallecido en Carcaixent, otro herido en Alzira y trece incidencias por incendios a causa de las fuertes rachas de viento"},"content":{"rendered":"\n<p>En la ma\u00f1ana del s\u00e1bado el Consorcio de Bomberos de Valencia ha recibido dos avisos por ca\u00eddas de parapentistas a causa del viento, que ha provocado la muerte de uno de ellos.\u00a0<\/p>\n\n\n\n<p>El primero de los avisos ha tenido lugar a las 08:31 h cerca de la CV-50, en la zona de unos viveros de Alzira. Han acudido bomberos y sargento de Alzira y Grupo de Rescate en Altura&nbsp; GERA, del Consorcio, quien han dado la primera asistencia al herido antes de la llegada de los sanitarios. Posteriormente, a las 08:45 h, se ha producido una nueva ca\u00edda de un parapentista en Carcaixent, en la zona de Huerto Lechon, donde tambi\u00e9n han acudido bomberos y sargento de Alzira y GERA. En este caso, se ha tratado de una v\u00edctima mortal.<\/p>\n\n\n\n<p>Desde la madrugada y hasta las 11 h de la ma\u00f1ana el Consorcio Provincial de Bomberos de Val\u00e8ncia ha intervenido en trece incidencias por viento, fundamental por \u00e1rboles y toldos ca\u00eddos en varios puntos de la geograf\u00eda valenciana. Adem\u00e1s, tambi\u00e9n desde la madrugada los bomberos se han movilizado a una docena de incendios de vegetaci\u00f3n, en campos, solares, matorrales, y ca\u00f1ares, donde tambi\u00e9n el viento ha tenido un peso importante. Recordamos que para este s\u00e1bado hay riesgo extremo de incendios forestales en toda la Comunidad Valenciana.<\/p>\n","protected":false},"excerpt":{"rendered":"<div class=\"mh-excerpt\">En la ma\u00f1ana del s\u00e1bado el Consorcio de Bomberos de Valencia ha recibido dos avisos por ca\u00eddas de parapentistas a causa del viento, que ha provocado la muerte de uno de ellos.\u00a0 El primero de <a class=\"mh-excerpt-more\" href=\"https:\/\/www.tucomarca.com\/wordpress\/segunda\/un-parapentista-fallecido-en-carcaixent-otro-herido-en-alzira-y-trece-incidencias-por-incendios-a-causa-de-las-fuertes-rachas-de-viento\/\" title=\"Un parapentista fallecido en Carcaixent, otro herido en Alzira y trece incidencias por incendios a causa de las fuertes rachas de viento\">[+] <\/a><\/div>\n","protected":false},"author":1,"featured_media":164451,"comment_status":"open","ping_status":"open","sticky":false,"template":"","format":"standard","meta":{"footnotes":""},"categories":[69,8,72,42,3,116,45],"tags":[10402,775,10419,3640,17654],"class_list":{"0":"post-164450","1":"post","2":"type-post","3":"status-publish","4":"format-standard","5":"has-post-thumbnail","7":"category-alzira","8":"category-la-comarca","9":"category-sin-categorizar","10":"category-la-ribera","11":"category-seccion","12":"category-sucesos-la-comarca","13":"category-ventana","14":"tag-alzira","15":"tag-fallecido","16":"tag-guadassuar","17":"tag-la-ribera-alta","18":"tag-parapente"},"_links":{"self":[{"href":"https:\/\/www.tucomarca.com\/wordpress\/segunda\/wp-json\/wp\/v2\/posts\/164450","targetHints":{"allow":["GET"]}}],"collection":[{"href":"https:\/\/www.tucomarca.com\/wordpress\/segunda\/wp-json\/wp\/v2\/posts"}],"about":[{"href":"https:\/\/www.tucomarca.com\/wordpress\/segunda\/wp-json\/wp\/v2\/types\/post"}],"author":[{"embeddable":true,"href":"https:\/\/www.tucomarca.com\/wordpress\/segunda\/wp-json\/wp\/v2\/users\/1"}],"replies":[{"embeddable":true,"href":"https:\/\/www.tucomarca.com\/wordpress\/segunda\/wp-json\/wp\/v2\/comments?post=164450"}],"version-history":[{"count":0,"href":"https:\/\/www.tucomarca.com\/wordpress\/segunda\/wp-json\/wp\/v2\/posts\/164450\/revisions"}],"wp:featuredmedia":[{"embeddable":true,"href":"https:\/\/www.tucomarca.com\/wordpress\/segunda\/wp-json\/wp\/v2\/media\/164451"}],"wp:attachment":[{"href":"https:\/\/www.tucomarca.com\/wordpress\/segunda\/wp-json\/wp\/v2\/media?parent=164450"}],"wp:term":[{"taxonomy":"category","embeddable":true,"href":"https:\/\/www.tucomarca.com\/wordpress\/segunda\/wp-json\/wp\/v2\/categories?post=164450"},{"taxonomy":"post_tag","embeddable":true,"href":"https:\/\/www.tucomarca.com\/wordpress\/segunda\/wp-json\/wp\/v2\/tags?post=164450"}],"curies":[{"name":"wp","href":"https:\/\/api.w.org\/{rel}","templated":true}]}}