{"id":16458,"date":"2013-07-11T19:39:33","date_gmt":"2013-07-11T16:39:33","guid":{"rendered":"http:\/\/www.tucomarca.com\/wordpress\/segunda\/?p=16458"},"modified":"2013-07-11T19:39:40","modified_gmt":"2013-07-11T16:39:40","slug":"volta-a-peu-en-la-pobla-de-vallbona-el-domingo","status":"publish","type":"post","link":"https:\/\/www.tucomarca.com\/wordpress\/segunda\/volta-a-peu-en-la-pobla-de-vallbona-el-domingo\/","title":{"rendered":"Volta a peu en La Pobla de Vallbona el domingo"},"content":{"rendered":"<p><figure id=\"attachment_16459\" aria-describedby=\"caption-attachment-16459\" style=\"width: 300px\" class=\"wp-caption alignleft\"><a href=\"https:\/\/www.tucomarca.com\/wordpress\/segunda\/?attachment_id=16459\" rel=\"attachment wp-att-16459\"><img loading=\"lazy\" decoding=\"async\" src=\"https:\/\/www.tucomarca.com\/wordpress\/segunda\/wp-content\/uploads\/2013\/07\/DSC_0080-300x199.jpg\" alt=\"\" title=\"DSC_0080\" width=\"300\" height=\"199\" class=\"size-medium wp-image-16459\" srcset=\"https:\/\/www.tucomarca.com\/wordpress\/segunda\/wp-content\/uploads\/2013\/07\/DSC_0080-300x199.jpg 300w, https:\/\/www.tucomarca.com\/wordpress\/segunda\/wp-content\/uploads\/2013\/07\/DSC_0080-1024x680.jpg 1024w\" sizes=\"auto, (max-width: 300px) 100vw, 300px\" \/><\/a><figcaption id=\"caption-attachment-16459\" class=\"wp-caption-text\">La vuelta a pie se ha convertido en un referente provincial. tc.c<\/figcaption><\/figure>El domingo se celebra la XVII edici\u00f3n de la Volta a Peu de la Pobla de Vallbona, dentro de las actividades de la Semana Deportiva. Se trata de una carrera popular de enorme tradici\u00f3n y participaci\u00f3n. Se estima la presencia de mil participantes, de los cuales unos 200 ser\u00e1n ni\u00f1os.<br \/>\nA las 18:30 horas se dar\u00e1 la salida desde el mercado municipal a la carrera de infantiles, y a las 20 horas, a la absoluta. Hay categor\u00edas desde mini-benjam\u00edn A hasta veteranos. La distancia es de 7.500 metros.<br \/>\nSe repartir\u00e1n detalles y premios en todas las categor\u00edas.  Habr\u00e1 un trofeo para los tres primeros clasificados de cada categor\u00eda, tanto masculina como femenina, excepto en la prueba de mini-benjamines y pre-benjamines, que ser\u00e1 no competitiva, adem\u00e1s de un premio especial a las tres primeras y primeros de la prueba absoluta, un premio especial al primer y primera veterana,  al primer y primera local, a los tres primeros con diversidad funcional, y al de m\u00e1s edad.<br \/>\nLa Volta a Peu es uno de los mayores acontecimientos de la Semana Deportiva de la Pobla de Vallbona. Es tambi\u00e9n una prueba puntuable del VII Circuito Cajamar de Carreras Populares de Camp de T\u00faria y la Serran\u00eda. Est\u00e1 organizada por el Ayuntamiento de la Pobla de Vallbona, el Club de Atletismo de la Pobla y P\u00edndaro Asesores Deportivos<\/p>\n","protected":false},"excerpt":{"rendered":"<div class=\"mh-excerpt\">El domingo se celebra la XVII edici\u00f3n de la Volta a Peu de la Pobla de Vallbona, dentro de las actividades de la Semana Deportiva. Se trata de una carrera popular de enorme tradici\u00f3n y <a class=\"mh-excerpt-more\" href=\"https:\/\/www.tucomarca.com\/wordpress\/segunda\/volta-a-peu-en-la-pobla-de-vallbona-el-domingo\/\" title=\"Volta a peu en La Pobla de Vallbona el domingo\">[+] <\/a><\/div>\n","protected":false},"author":2,"featured_media":16459,"comment_status":"open","ping_status":"open","sticky":false,"template":"","format":"standard","meta":{"footnotes":""},"categories":[98,46,6,8,174,3,45],"tags":[1441,461],"class_list":{"0":"post-16458","1":"post","2":"type-post","3":"status-publish","4":"format-standard","5":"has-post-thumbnail","7":"category-atletismo","8":"category-camp-de-turia","9":"category-deportes","10":"category-la-comarca","11":"category-la-pobla","12":"category-seccion","13":"category-ventana","14":"tag-domingo","15":"tag-volta-a-peu"},"_links":{"self":[{"href":"https:\/\/www.tucomarca.com\/wordpress\/segunda\/wp-json\/wp\/v2\/posts\/16458","targetHints":{"allow":["GET"]}}],"collection":[{"href":"https:\/\/www.tucomarca.com\/wordpress\/segunda\/wp-json\/wp\/v2\/posts"}],"about":[{"href":"https:\/\/www.tucomarca.com\/wordpress\/segunda\/wp-json\/wp\/v2\/types\/post"}],"author":[{"embeddable":true,"href":"https:\/\/www.tucomarca.com\/wordpress\/segunda\/wp-json\/wp\/v2\/users\/2"}],"replies":[{"embeddable":true,"href":"https:\/\/www.tucomarca.com\/wordpress\/segunda\/wp-json\/wp\/v2\/comments?post=16458"}],"version-history":[{"count":0,"href":"https:\/\/www.tucomarca.com\/wordpress\/segunda\/wp-json\/wp\/v2\/posts\/16458\/revisions"}],"wp:featuredmedia":[{"embeddable":true,"href":"https:\/\/www.tucomarca.com\/wordpress\/segunda\/wp-json\/wp\/v2\/media\/16459"}],"wp:attachment":[{"href":"https:\/\/www.tucomarca.com\/wordpress\/segunda\/wp-json\/wp\/v2\/media?parent=16458"}],"wp:term":[{"taxonomy":"category","embeddable":true,"href":"https:\/\/www.tucomarca.com\/wordpress\/segunda\/wp-json\/wp\/v2\/categories?post=16458"},{"taxonomy":"post_tag","embeddable":true,"href":"https:\/\/www.tucomarca.com\/wordpress\/segunda\/wp-json\/wp\/v2\/tags?post=16458"}],"curies":[{"name":"wp","href":"https:\/\/api.w.org\/{rel}","templated":true}]}}