{"id":16464,"date":"2013-07-11T19:54:10","date_gmt":"2013-07-11T16:54:10","guid":{"rendered":"http:\/\/www.tucomarca.com\/wordpress\/segunda\/?p=16464"},"modified":"2013-07-11T19:54:10","modified_gmt":"2013-07-11T16:54:10","slug":"el-pedrisco-dana-unas-2-500-hectareas-en-zonas-de-interior-de-la-provincia","status":"publish","type":"post","link":"https:\/\/www.tucomarca.com\/wordpress\/segunda\/el-pedrisco-dana-unas-2-500-hectareas-en-zonas-de-interior-de-la-provincia\/","title":{"rendered":"El pedrisco da\u00f1a unas 2.500 hect\u00e1reas en zonas de interior de la provincia"},"content":{"rendered":"<p>La Uni\u00f3 de Llauradors ha informado este jueves que las tormentas acompa\u00f1adas de pedrisco de los dos \u00faltimos d\u00edas han vuelto a afectar a unas 2.500 hect\u00e1reas en zonas de interior de la provincia de Valencia, con especial incidencia en las comarca de Requena-Utiel, los Serranos y el Rinc\u00f3n de Ademuz.<\/p>\n<p>De esa superficie unas 1.000 hect\u00e1reas corresponder\u00edan a Requena-Utiel y las otras 1.500 a las dos comarcas, ha se\u00f1alado en un comunicado la entidad agraria. Seg\u00fan las primeras estimaciones efectuadas por los servicios t\u00e9cnicos de La Uni\u00f3 las p\u00e9rdidas iniciales, y a falta de ver la evoluci\u00f3n posterior de las plantas, podr\u00edan ser de unos 2,5 millones de euros.<\/p>\n<p>Los cultivos m\u00e1s da\u00f1ados por los efectos del pedrisco son la uva de vinificaci\u00f3n, el almendro y el cereal. Seg\u00fan La Uni\u00f3, en algunas zonas de Requena-Utiel el porcentaje de da\u00f1os ser\u00e1 \u00abmuy elevado\u00bb, sobre todo en la localidad m\u00e1s afectada que es la de Venta del Moro, donde ahora precisamente el pedrisco ha afectado la parte del t\u00e9rmino municipal que hasta ahora se habr\u00eda librado de las consecuencias del granizo.<\/p>\n<p>Entre los continuos pedriscos y la marchitez fisiol\u00f3gica la producci\u00f3n de uva caracter\u00edstica de la zona de Requena-Utiel, la bobal, sufrir\u00e1 una merma de entre el 40 y el 50 por ciento de una producci\u00f3n normal, lo que provocar\u00e1 \u00abun grave perjuicio econ\u00f3mico para los agricultores justo ahora cuando se recuperaban los precios de la uva tras muchos a\u00f1os de cotizaciones ruinosas\u00bb, ha manifestado la entidad agraria.<\/p>\n<p>Asimismo, ha advertido de que los da\u00f1os a\u00fan podr\u00edan haber sido m\u00e1s elevados para el cultivo del cereal, si no se hubiera segado una parte ya importante de la cosecha.<\/p>\n<p>\u00abLLUEVE SOBRE MOJADO\u00bb<\/p>\n<p>La Uni\u00f3 ha se\u00f1alado que \u00abllueve sobre mojado\u00bb fundamentalmente en Requena-Utiel que est\u00e1 padeciendo \u00abuna primavera y un verano complicado climatol\u00f3gicamente hablando\u00bb. Por ello, la organizaci\u00f3n agraria ha reiterado la necesidad de que las dos administraciones competentes &#8211;Gobierno central y Generalitat&#8211; establezcan ayudas directas excepcionales y cofinanciadas para compensar los da\u00f1os.<\/p>\n<p>Ayer mismo la entidad ya pidi\u00f3 una moratoria en los pr\u00e9stamos que tienen contra\u00eddos los agricultores y para afrontar el futuro tambi\u00e9n ser\u00eda necesario como viene reclamando una l\u00ednea de nuevos cr\u00e9ditos bonificados al 100 por cien para aquellos da\u00f1os que no cubra el seguro agrario.<\/p>\n<p>DESCENSO DE LOS SEGUROS Y EXENCIONES FISCALES<\/p>\n<p>Asimismo, ha reclamado tambi\u00e9n un descenso de las primas de los seguros agrarios, exenciones fiscales y una bonificaci\u00f3n del 50 por ciento de la cuota de la Seguridad Social a los agricultores afectados por el pedrisco, as\u00ed como una exenci\u00f3n del pago de las cuotas empresariales a la Seguridad Social de las Cooperativas afectadas.<\/p>\n<p>En relaci\u00f3n a los ayuntamientos afectados, La Uni\u00f3 ha pedido que condonen el Impuesto de Bienes Inmuebles (IBI) de las parcelas afectadas por la marchitez y pedriscos, para que luego sea compensado por la Administraci\u00f3n General del Estado \u00abpara paliar la p\u00e9rdida de ingresos municipales que ello conlleva\u00bb.<\/p>\n","protected":false},"excerpt":{"rendered":"<div class=\"mh-excerpt\">La Uni\u00f3 de Llauradors ha informado este jueves que las tormentas acompa\u00f1adas de pedrisco de los dos \u00faltimos d\u00edas han vuelto a afectar a unas 2.500 hect\u00e1reas en zonas de interior de la provincia de <a class=\"mh-excerpt-more\" href=\"https:\/\/www.tucomarca.com\/wordpress\/segunda\/el-pedrisco-dana-unas-2-500-hectareas-en-zonas-de-interior-de-la-provincia\/\" title=\"El pedrisco da\u00f1a unas 2.500 hect\u00e1reas en zonas de interior de la provincia\">[+] <\/a><\/div>\n","protected":false},"author":2,"featured_media":0,"comment_status":"open","ping_status":"open","sticky":false,"template":"","format":"standard","meta":{"footnotes":""},"categories":[169,8,27,3],"tags":[713,1443,1442],"class_list":{"0":"post-16464","1":"post","2":"type-post","3":"status-publish","4":"format-standard","6":"category-agricultura-la-comarca","7":"category-la-comarca","8":"category-requena-utiel","9":"category-seccion","10":"tag-interior","11":"tag-pedrisco","12":"tag-unio"},"_links":{"self":[{"href":"https:\/\/www.tucomarca.com\/wordpress\/segunda\/wp-json\/wp\/v2\/posts\/16464","targetHints":{"allow":["GET"]}}],"collection":[{"href":"https:\/\/www.tucomarca.com\/wordpress\/segunda\/wp-json\/wp\/v2\/posts"}],"about":[{"href":"https:\/\/www.tucomarca.com\/wordpress\/segunda\/wp-json\/wp\/v2\/types\/post"}],"author":[{"embeddable":true,"href":"https:\/\/www.tucomarca.com\/wordpress\/segunda\/wp-json\/wp\/v2\/users\/2"}],"replies":[{"embeddable":true,"href":"https:\/\/www.tucomarca.com\/wordpress\/segunda\/wp-json\/wp\/v2\/comments?post=16464"}],"version-history":[{"count":0,"href":"https:\/\/www.tucomarca.com\/wordpress\/segunda\/wp-json\/wp\/v2\/posts\/16464\/revisions"}],"wp:attachment":[{"href":"https:\/\/www.tucomarca.com\/wordpress\/segunda\/wp-json\/wp\/v2\/media?parent=16464"}],"wp:term":[{"taxonomy":"category","embeddable":true,"href":"https:\/\/www.tucomarca.com\/wordpress\/segunda\/wp-json\/wp\/v2\/categories?post=16464"},{"taxonomy":"post_tag","embeddable":true,"href":"https:\/\/www.tucomarca.com\/wordpress\/segunda\/wp-json\/wp\/v2\/tags?post=16464"}],"curies":[{"name":"wp","href":"https:\/\/api.w.org\/{rel}","templated":true}]}}