{"id":164841,"date":"2022-08-19T10:00:00","date_gmt":"2022-08-19T08:00:00","guid":{"rendered":"http:\/\/www.tucomarca.com\/wordpress\/segunda\/?p=164841"},"modified":"2022-08-19T11:33:20","modified_gmt":"2022-08-19T09:33:20","slug":"la-guardia-civil-detiene-en-chiva-a-tres-personas-acusadas-de-agresion-sexual-lesiones-y-robo-con-violencia","status":"publish","type":"post","link":"https:\/\/www.tucomarca.com\/wordpress\/segunda\/la-guardia-civil-detiene-en-chiva-a-tres-personas-acusadas-de-agresion-sexual-lesiones-y-robo-con-violencia\/","title":{"rendered":"La Guardia Civil detiene en Chiva a tres personas acusadas de agresi\u00f3n sexual, lesiones y robo con violencia"},"content":{"rendered":"\n<p>Agentes de la Guardia Civil han detenido a un hombre de 37 a\u00f1os en Chiva por intentar agredir sexualmente a una mujer de 30 a\u00f1os en casa de un amigo suyo. Adem\u00e1s, los agentes tambi\u00e9n han detenido a esta mujer por supuestamente robar y golpear al amigo momentos despu\u00e9s junto con otro var\u00f3n de 41 a\u00f1os, seg\u00fan ha informado el instituto armado en un comunicado.<\/p>\n\n\n\n<p>Estos hechos ocurrieron el pasado mes de junio, cuando la Guardia Civil recibi\u00f3 una denuncia por parte de un vecino de esta localidad valenciana. Este vecino explic\u00f3 a los agentes que hab\u00eda en su casa un amigo acompa\u00f1ado de una mujer que \u00e9l no conoc\u00eda. El vecino les tuvo que dejar solos en casa en un momento dado porque tuvo que marcharse a realizar unos recados.<\/p>\n\n\n\n<p>Al regresar, seg\u00fan su testimonio, ya no hab\u00eda nadie en su residencia pero, en pocos minutos, la mujer que acompa\u00f1aba al amigo regres\u00f3 a la casa junto a otro hombre, el cual tampoco conoc\u00eda. Ambos, supuestamente sin mediar palabra, le golpearon y robaron las llaves de su casa, su veh\u00edculo y de su negocio.<\/p>\n\n\n\n<p>A los pocos d\u00edas, la mujer fue llamada a testificar ante agentes de la Guardia Civil para comprobar qu\u00e9 hab\u00eda ocurrido. La mujer declar\u00f3 a los agentes que, cuando el amigo del denunciante se qued\u00f3 a solas con ella en la casa, supuestamente intent\u00f3 forzarla para mantener relaciones sexuales y que, para ello, la amenaz\u00f3 e incluso le puso un cuchillo en el cuello, pero ella asegura que pudo escapar de la residencia.<\/p>\n\n\n\n<p>Ante este testimonio, la Guardia Civil ha decidido detener tanto al hombre de 37 a\u00f1os por agresi\u00f3n sexual en grado de tentativa, como a la mujer de 30 a\u00f1os y al hombre de 41 a\u00f1os que acompa\u00f1aba a la mujer y que agredi\u00f3, junto a ella, al denunciante, ambos detenidos por robo y lesiones. Las diligencias ya han sido entregadas en el Juzgado de Primera Instancia e Instrucci\u00f3n n\u00famero 3 de Requena.<\/p>\n\n\n\n<figure class=\"wp-block-image size-large\"><img loading=\"lazy\" decoding=\"async\" width=\"1024\" height=\"768\" src=\"https:\/\/www.tucomarca.com\/wordpress\/segunda\/wp-content\/uploads\/2022\/08\/ChivaDetenidosGC2-1024x768.jpg\" alt=\"\" class=\"wp-image-164848\" srcset=\"https:\/\/www.tucomarca.com\/wordpress\/segunda\/wp-content\/uploads\/2022\/08\/ChivaDetenidosGC2-1024x768.jpg 1024w, https:\/\/www.tucomarca.com\/wordpress\/segunda\/wp-content\/uploads\/2022\/08\/ChivaDetenidosGC2-300x225.jpg 300w, https:\/\/www.tucomarca.com\/wordpress\/segunda\/wp-content\/uploads\/2022\/08\/ChivaDetenidosGC2-768x576.jpg 768w, https:\/\/www.tucomarca.com\/wordpress\/segunda\/wp-content\/uploads\/2022\/08\/ChivaDetenidosGC2-1536x1152.jpg 1536w, https:\/\/www.tucomarca.com\/wordpress\/segunda\/wp-content\/uploads\/2022\/08\/ChivaDetenidosGC2-2048x1536.jpg 2048w, https:\/\/www.tucomarca.com\/wordpress\/segunda\/wp-content\/uploads\/2022\/08\/ChivaDetenidosGC2-678x509.jpg 678w, https:\/\/www.tucomarca.com\/wordpress\/segunda\/wp-content\/uploads\/2022\/08\/ChivaDetenidosGC2-326x245.jpg 326w, https:\/\/www.tucomarca.com\/wordpress\/segunda\/wp-content\/uploads\/2022\/08\/ChivaDetenidosGC2-80x60.jpg 80w\" sizes=\"auto, (max-width: 1024px) 100vw, 1024px\" \/><\/figure>\n","protected":false},"excerpt":{"rendered":"<div class=\"mh-excerpt\">Agentes de la Guardia Civil han detenido a un hombre de 37 a\u00f1os en Chiva por intentar agredir sexualmente a una mujer de 30 a\u00f1os en casa de un amigo suyo. Adem\u00e1s, los agentes tambi\u00e9n <a class=\"mh-excerpt-more\" href=\"https:\/\/www.tucomarca.com\/wordpress\/segunda\/la-guardia-civil-detiene-en-chiva-a-tres-personas-acusadas-de-agresion-sexual-lesiones-y-robo-con-violencia\/\" title=\"La Guardia Civil detiene en Chiva a tres personas acusadas de agresi\u00f3n sexual, lesiones y robo con violencia\">[+] <\/a><\/div>\n","protected":false},"author":1,"featured_media":164846,"comment_status":"open","ping_status":"open","sticky":false,"template":"","format":"standard","meta":{"footnotes":""},"categories":[16,8,72,10,3,116,45],"tags":[10384,742,1098,5952],"class_list":{"0":"post-164841","1":"post","2":"type-post","3":"status-publish","4":"format-standard","5":"has-post-thumbnail","7":"category-chiva","8":"category-la-comarca","9":"category-sin-categorizar","10":"category-la-hoya","11":"category-seccion","12":"category-sucesos-la-comarca","13":"category-ventana","14":"tag-chiva","15":"tag-detenidos","16":"tag-guardia-civil","17":"tag-la-hoya-de-bunol-chiva"},"_links":{"self":[{"href":"https:\/\/www.tucomarca.com\/wordpress\/segunda\/wp-json\/wp\/v2\/posts\/164841","targetHints":{"allow":["GET"]}}],"collection":[{"href":"https:\/\/www.tucomarca.com\/wordpress\/segunda\/wp-json\/wp\/v2\/posts"}],"about":[{"href":"https:\/\/www.tucomarca.com\/wordpress\/segunda\/wp-json\/wp\/v2\/types\/post"}],"author":[{"embeddable":true,"href":"https:\/\/www.tucomarca.com\/wordpress\/segunda\/wp-json\/wp\/v2\/users\/1"}],"replies":[{"embeddable":true,"href":"https:\/\/www.tucomarca.com\/wordpress\/segunda\/wp-json\/wp\/v2\/comments?post=164841"}],"version-history":[{"count":0,"href":"https:\/\/www.tucomarca.com\/wordpress\/segunda\/wp-json\/wp\/v2\/posts\/164841\/revisions"}],"wp:featuredmedia":[{"embeddable":true,"href":"https:\/\/www.tucomarca.com\/wordpress\/segunda\/wp-json\/wp\/v2\/media\/164846"}],"wp:attachment":[{"href":"https:\/\/www.tucomarca.com\/wordpress\/segunda\/wp-json\/wp\/v2\/media?parent=164841"}],"wp:term":[{"taxonomy":"category","embeddable":true,"href":"https:\/\/www.tucomarca.com\/wordpress\/segunda\/wp-json\/wp\/v2\/categories?post=164841"},{"taxonomy":"post_tag","embeddable":true,"href":"https:\/\/www.tucomarca.com\/wordpress\/segunda\/wp-json\/wp\/v2\/tags?post=164841"}],"curies":[{"name":"wp","href":"https:\/\/api.w.org\/{rel}","templated":true}]}}