{"id":165238,"date":"2022-08-23T18:00:00","date_gmt":"2022-08-23T16:00:00","guid":{"rendered":"http:\/\/www.tucomarca.com\/wordpress\/segunda\/?p=165238"},"modified":"2022-08-24T12:37:39","modified_gmt":"2022-08-24T10:37:39","slug":"los-chiringuitos-de-la-feria-de-bunol-se-trasladan-este-fin-de-semana-a-una-carpa-habilitada-por-el-ayuntamiento-ante-las-malas-previsiones-meteorologicas","status":"publish","type":"post","link":"https:\/\/www.tucomarca.com\/wordpress\/segunda\/los-chiringuitos-de-la-feria-de-bunol-se-trasladan-este-fin-de-semana-a-una-carpa-habilitada-por-el-ayuntamiento-ante-las-malas-previsiones-meteorologicas\/","title":{"rendered":"Los chiringuitos de la Feria de Bu\u00f1ol se trasladan este fin de semana a una carpa habilitada por el Ayuntamiento ante las malas previsiones meteorol\u00f3gicas"},"content":{"rendered":"\n<h4 class=\"wp-block-heading\">En un comunicado emitido por las autoridades locales se ha dado a conocer el cambio a una carpa en el Parque Manuel Carrascosa, as\u00ed como la gratuidad de los chiringuitos de la Feria y Fiestas 2022 durante este fin de semana debido a las malas previsiones meteorol\u00f3gicas.<\/h4>\n\n\n\n<p>\u00abBuenas tardes bu\u00f1oleras y bu\u00f1oleros:<\/p>\n\n\n\n<p>Imaginamos que no hemos sido los \u00fanicos que hemos llenado los grupos de capturas de la previsi\u00f3n de El tiempo por horas en Bu\u00f1ol para este fin de semana y las previsiones son muy malas, con un nivel de pre emergencia por lluvias importante sobre todo para la noche del viernes al s\u00e1bado, por eso, el gobierno local y el conjunto de empresas organizadoras de los Chiringuitos de la Feria y Fiestas 2022, queremos comunicaros que:<\/p>\n\n\n\n<p>Aunque parec\u00eda que todo estaba perdido por la situaci\u00f3n meteorol\u00f3gica que daban para estos d\u00edas, el Ayuntamiento de Bu\u00f1ol ha encontrado una soluci\u00f3n para que no nos quedemos sin Chiringuitos 2022.<\/p>\n\n\n\n<p>La programaci\u00f3n de \u201cChiringuitos de esta Feria y Fiestas 2022 se traslada a una carpa instalada por el consistorio en el Parque Manuel Carrascosa, gracias a la colaboraci\u00f3n imprescindible de la Concejal\u00eda de Cultura Popular.<\/p>\n\n\n\n<p>Adem\u00e1s, se ha decidido que la entrada sea gratuita.<\/p>\n\n\n\n<p>Por eso, os esperamos a todos y todas este viernes de ferias en la carpa del Parque Manuel Carrascosa.<br>Muy pronto se ofrecer\u00e1 con todo el detalle la programaci\u00f3n de fiestas\u00bb.<\/p>\n","protected":false},"excerpt":{"rendered":"<div class=\"mh-excerpt\">En un comunicado emitido por las autoridades locales se ha dado a conocer el cambio a una carpa en el Parque Manuel Carrascosa, as\u00ed como la gratuidad de los chiringuitos de la Feria y Fiestas <a class=\"mh-excerpt-more\" href=\"https:\/\/www.tucomarca.com\/wordpress\/segunda\/los-chiringuitos-de-la-feria-de-bunol-se-trasladan-este-fin-de-semana-a-una-carpa-habilitada-por-el-ayuntamiento-ante-las-malas-previsiones-meteorologicas\/\" title=\"Los chiringuitos de la Feria de Bu\u00f1ol se trasladan este fin de semana a una carpa habilitada por el Ayuntamiento ante las malas previsiones meteorol\u00f3gicas\">[+] <\/a><\/div>\n","protected":false},"author":12,"featured_media":165299,"comment_status":"open","ping_status":"open","sticky":false,"template":"","format":"standard","meta":{"footnotes":""},"categories":[4,18,128,8,10,7,3],"tags":[10385,17693,17583,5952],"class_list":{"0":"post-165238","1":"post","2":"type-post","3":"status-publish","4":"format-standard","5":"has-post-thumbnail","7":"category-agenda","8":"category-bunol","9":"category-infraestructuras","10":"category-la-comarca","11":"category-la-hoya","12":"category-ocio-y-cultura","13":"category-seccion","14":"tag-bunol","15":"tag-chiringuitos-ferias","16":"tag-feria-y-fiestas-2022","17":"tag-la-hoya-de-bunol-chiva"},"_links":{"self":[{"href":"https:\/\/www.tucomarca.com\/wordpress\/segunda\/wp-json\/wp\/v2\/posts\/165238","targetHints":{"allow":["GET"]}}],"collection":[{"href":"https:\/\/www.tucomarca.com\/wordpress\/segunda\/wp-json\/wp\/v2\/posts"}],"about":[{"href":"https:\/\/www.tucomarca.com\/wordpress\/segunda\/wp-json\/wp\/v2\/types\/post"}],"author":[{"embeddable":true,"href":"https:\/\/www.tucomarca.com\/wordpress\/segunda\/wp-json\/wp\/v2\/users\/12"}],"replies":[{"embeddable":true,"href":"https:\/\/www.tucomarca.com\/wordpress\/segunda\/wp-json\/wp\/v2\/comments?post=165238"}],"version-history":[{"count":0,"href":"https:\/\/www.tucomarca.com\/wordpress\/segunda\/wp-json\/wp\/v2\/posts\/165238\/revisions"}],"wp:featuredmedia":[{"embeddable":true,"href":"https:\/\/www.tucomarca.com\/wordpress\/segunda\/wp-json\/wp\/v2\/media\/165299"}],"wp:attachment":[{"href":"https:\/\/www.tucomarca.com\/wordpress\/segunda\/wp-json\/wp\/v2\/media?parent=165238"}],"wp:term":[{"taxonomy":"category","embeddable":true,"href":"https:\/\/www.tucomarca.com\/wordpress\/segunda\/wp-json\/wp\/v2\/categories?post=165238"},{"taxonomy":"post_tag","embeddable":true,"href":"https:\/\/www.tucomarca.com\/wordpress\/segunda\/wp-json\/wp\/v2\/tags?post=165238"}],"curies":[{"name":"wp","href":"https:\/\/api.w.org\/{rel}","templated":true}]}}