{"id":165279,"date":"2022-08-24T10:00:00","date_gmt":"2022-08-24T08:00:00","guid":{"rendered":"http:\/\/www.tucomarca.com\/wordpress\/segunda\/?p=165279"},"modified":"2022-08-24T10:05:13","modified_gmt":"2022-08-24T08:05:13","slug":"la-guardia-civil-detiene-al-autor-de-los-disparos-de-montserrat","status":"publish","type":"post","link":"https:\/\/www.tucomarca.com\/wordpress\/segunda\/la-guardia-civil-detiene-al-autor-de-los-disparos-de-montserrat\/","title":{"rendered":"La Guardia Civil detiene al autor de los disparos de Montserrat"},"content":{"rendered":"\n<h4 class=\"wp-block-heading\"><strong>El supuesto autor de los hechos efectu\u00f3 dos disparos con un arma de fuego contra la familia rival<\/strong><\/h4>\n\n\n\n<h4 class=\"wp-block-heading\"><strong>Antes de la llegada de los agentes, la mayor parte de las familias, as\u00ed como el supuesto autor, hab\u00edan abandonado el lugar de la reyerta<\/strong><\/h4>\n\n\n\n<h4 class=\"wp-block-heading\"><strong>Se ha detenido a un hombre de 33 a\u00f1os, de nacionalidad espa\u00f1ola, por un delito grave de amenazas y otro de tenencia il\u00edcita de armas en la localidad de Llombai<\/strong><\/h4>\n\n\n\n<h4 class=\"wp-block-heading\"><strong>Se ha intervenido un proyectil de plomo del arma corta utilizada en los hechos<\/strong><\/h4>\n\n\n\n<p>La Guardia Civil de Valencia detuvo ayer al supuesto autor de los disparos efectuados en la localidad de Montserrat por un delito grave de amenazas y otro de tenencia il\u00edcita de armas.<\/p>\n\n\n\n<p>La investigaci\u00f3n comenz\u00f3 el pasado d\u00eda 21 del presente mes, cuando&nbsp; a las 19:00 horas, en plena v\u00eda p\u00fablica y celebrando las fiestas del municipio de Montserrat, la Guardia Civil y la Polic\u00eda Local de Montserrat acudieron a una reyerta entre dos familias.&nbsp;<\/p>\n\n\n\n<p>El supuesto autor de los hechos efectu\u00f3 dos disparos con un arma de fuego contra la familia rival. Ambos proyectiles no alcanzaron a ninguna persona de las presentes, por lo que no hubo ning\u00fan herido por estas causas. Antes de la llegada de los agentes, la mayor parte de las familias, as\u00ed como el supuesto autor, hab\u00edan abandonado el lugar de la reyerta.<\/p>\n\n\n\n<p>Fruto de las investigaciones, la Guardia Civil de Valencia logr\u00f3 identificar a todos los participantes en la reyerta de ambas familias y esclarecer los hechos.<\/p>\n\n\n\n<p>Finalmente, en la ma\u00f1ana del d\u00eda de ayer, la Guardia Civil de Valencia ha detenido a un hombre de 33 a\u00f1os, de nacionalidad espa\u00f1ola, por un delito grave de amenazas y otro de tenencia il\u00edcita de armas en la localidad de Llombai.<\/p>\n\n\n\n<p>Adem\u00e1s, los agentes han intervenido un proyectil de plomo del arma corta utilizada en los hechos. Actualmente, el caso contin\u00faa en fase de investigaci\u00f3n con el objetivo de localizar el arma.<\/p>\n\n\n\n<p>Las diligencias y el detenido han sido puestos a disposici\u00f3n del Juzgado de Primera Instancia e Instrucci\u00f3n N\u00famero 1 de Picassent.&nbsp;<\/p>\n","protected":false},"excerpt":{"rendered":"<div class=\"mh-excerpt\">El supuesto autor de los hechos efectu\u00f3 dos disparos con un arma de fuego contra la familia rival Antes de la llegada de los agentes, la mayor parte de las familias, as\u00ed como el supuesto <a class=\"mh-excerpt-more\" href=\"https:\/\/www.tucomarca.com\/wordpress\/segunda\/la-guardia-civil-detiene-al-autor-de-los-disparos-de-montserrat\/\" title=\"La Guardia Civil detiene al autor de los disparos de Montserrat\">[+] <\/a><\/div>\n","protected":false},"author":1,"featured_media":165280,"comment_status":"open","ping_status":"open","sticky":false,"template":"","format":"standard","meta":{"footnotes":""},"categories":[128,8,72,42,162,3,116,45],"tags":[1098,3640,10425,33],"class_list":{"0":"post-165279","1":"post","2":"type-post","3":"status-publish","4":"format-standard","5":"has-post-thumbnail","7":"category-infraestructuras","8":"category-la-comarca","9":"category-sin-categorizar","10":"category-la-ribera","11":"category-monserrat","12":"category-seccion","13":"category-sucesos-la-comarca","14":"category-ventana","15":"tag-guardia-civil","16":"tag-la-ribera-alta","17":"tag-monserrat","18":"tag-sucesos"},"_links":{"self":[{"href":"https:\/\/www.tucomarca.com\/wordpress\/segunda\/wp-json\/wp\/v2\/posts\/165279","targetHints":{"allow":["GET"]}}],"collection":[{"href":"https:\/\/www.tucomarca.com\/wordpress\/segunda\/wp-json\/wp\/v2\/posts"}],"about":[{"href":"https:\/\/www.tucomarca.com\/wordpress\/segunda\/wp-json\/wp\/v2\/types\/post"}],"author":[{"embeddable":true,"href":"https:\/\/www.tucomarca.com\/wordpress\/segunda\/wp-json\/wp\/v2\/users\/1"}],"replies":[{"embeddable":true,"href":"https:\/\/www.tucomarca.com\/wordpress\/segunda\/wp-json\/wp\/v2\/comments?post=165279"}],"version-history":[{"count":0,"href":"https:\/\/www.tucomarca.com\/wordpress\/segunda\/wp-json\/wp\/v2\/posts\/165279\/revisions"}],"wp:featuredmedia":[{"embeddable":true,"href":"https:\/\/www.tucomarca.com\/wordpress\/segunda\/wp-json\/wp\/v2\/media\/165280"}],"wp:attachment":[{"href":"https:\/\/www.tucomarca.com\/wordpress\/segunda\/wp-json\/wp\/v2\/media?parent=165279"}],"wp:term":[{"taxonomy":"category","embeddable":true,"href":"https:\/\/www.tucomarca.com\/wordpress\/segunda\/wp-json\/wp\/v2\/categories?post=165279"},{"taxonomy":"post_tag","embeddable":true,"href":"https:\/\/www.tucomarca.com\/wordpress\/segunda\/wp-json\/wp\/v2\/tags?post=165279"}],"curies":[{"name":"wp","href":"https:\/\/api.w.org\/{rel}","templated":true}]}}