{"id":165363,"date":"2022-08-25T18:05:00","date_gmt":"2022-08-25T16:05:00","guid":{"rendered":"http:\/\/www.tucomarca.com\/wordpress\/segunda\/?p=165363"},"modified":"2022-09-14T19:44:03","modified_gmt":"2022-09-14T17:44:03","slug":"bunol-entra-de-lleno-en-su-semana-grande-de-feria-y-fiestas","status":"publish","type":"post","link":"https:\/\/www.tucomarca.com\/wordpress\/segunda\/bunol-entra-de-lleno-en-su-semana-grande-de-feria-y-fiestas\/","title":{"rendered":"Bu\u00f1ol entra de lleno en su semana grande de Feria y Fiestas"},"content":{"rendered":"\n<h4 class=\"wp-block-heading\">Bu\u00f1ol est\u00e1 ya preparado para vivir sus ansiadas Feria y Fiestas de este 2022 tras estos dos duros a\u00f1os de espera y  tras engrasar motores arrancan de lleno sus fiestas con el esp\u00edritu festivo que caracteriza a bu\u00f1oleros y bu\u00f1oleras<\/h4>\n\n\n\n<p>Este s\u00e1bado, a las 12 de la ma\u00f1ana y en la plaza del pueblo, se celebrar\u00e1 la Tomatina Infantil para ni\u00f1os y ni\u00f1as de hasta 14 a\u00f1os. Por la tarde, a las 17,45 h arranca la presentaci\u00f3n del CD Bu\u00f1ol en el Beltr\u00e1n B\u00e1guena, finalizando a las 19,00 h con el partido contra un potente equipo, en este caso el Atl\u00e9tico Levante. Por la noche, a las 21,00 h traslado del Santo Patr\u00f3n San Luis Beltr\u00e1n, desde su ermita hasta la Iglesia Parroquial de San Pedro Ap\u00f3stol, con asistencia de la Reina de las Fiestas y Corte de Honor.&nbsp;<\/p>\n\n\n\n<p>Y ya por la noche, el esperado concierto de Sergio Dalma en el Auditorio Municipal de San Luis a las 23,00 h. Una recopilaci\u00f3n de sus grandes \u00e9xitos, as\u00ed como su actual disco Alegr\u00eda en un macroescenario \u00fanico en el incomparable Auditorio Municipal de San Luis.&nbsp;<\/p>\n\n\n\n<p>El domingo, Fiesta del Mant\u00f3n, el d\u00eda de la Sociedad Musical \u00abLa Art\u00edstica\u00bb, arrancar\u00e1 a las 6,00 h con la instalaci\u00f3n en la fachada de la Iglesia San Pedro Ap\u00f3stol del monumento en donde se realizar\u00e1 la Ofrenda de Flores y Frutos a la Patrona Nuestra Se\u00f1ora de los Desamparados. A las 11,00 h la Comisi\u00f3n de la Fiesta del Mant\u00f3n, Junta Directiva, Banda de M\u00fasica y Corte de Honor con la Representante de la Sociedad, Altea Atienza L\u00f3pez, recoger\u00e1n en sus domicilios a las Reinas del Mant\u00f3n 2022, Silvia G\u00f3mez Zan\u00f3n y Andrea Tar\u00edn Clemente.<\/p>\n\n\n\n<p>A las 13,00 h comenzar\u00e1 la ofrenda de flores y frutos desde el Teatro Montecarlo hasta el monumento previamente instalado. Y por la tarde, la cabalgata del Mant\u00f3n arrancar\u00e1 a las 20,00 h. Finalizar\u00e1 el d\u00eda con el Musical Sue\u00f1os en el Auditorio de San Luis a las 23,00 h. Momentos \u00fanicos, mucha emoci\u00f3n, color y diversi\u00f3n podr\u00e1n verse estos d\u00edas en Bu\u00f1ol.&nbsp;<\/p>\n\n\n\n<p><strong>Atletismo, f\u00fatbol y mucha m\u00fasica para todos<\/strong> <strong>esta<\/strong> <strong>semana<\/strong><\/p>\n\n\n\n<p>El pasado martes fue tarde para los ni\u00f1os con el espect\u00e1culo infantil \u201cGuillermo Tell\u201d. La asistencia fue masiva. Tambi\u00e9n fueron las semifinales y ayer las finales del Campeonato de F\u00fatbol Sala en el Polideportivo de la piscina municipal.&nbsp;<\/p>\n\n\n\n<p>Ayer tambi\u00e9n por la noche fue el Tributo a Joaqu\u00edn Sabina en la Plaza de Armas y por la tarde la merienda para la Tercera Edad. Hoy jueves 25 de agosto, Carrera Feria y Fiestas. Homenaje Raquel Lavilla Villar a partir de las 19.30h con salida desde la Plaza Layana. Y por la noche, tambi\u00e9n en la Plaza de Armas actuaci\u00f3n del cantaor \u201cPep Gimeno Botifarra\u201d a las 22,30h.<\/p>\n\n\n\n<p>Ma\u00f1ana apertura oficial de la Feria, con la cuestaci\u00f3n a favor del c\u00e1ncer a las 10,00 h. A las 18,30 h en la Plaza del Pueblo, concurso floral. A las 20,00 h inauguraci\u00f3n de las exposiciones y a las 21,30 h inauguraci\u00f3n de la feria. Por la noche, a las 23,30 h el tradicional pasacalle del Tomate, la Xaranga de los Xinos de Bu\u00f1ol y a partir de las 00,00 horas Tr\u00edo Fiesta, si el tiempo lo permite. El Ayuntamiento de Bu\u00f1ol recuerda que los chiringuitos se trasladan al Parque Manuel Carrascosa debido a la mala previsi\u00f3n meteorol\u00f3gica de este fin de semana.&nbsp;<\/p>\n\n\n\n<figure class=\"wp-block-gallery has-nested-images columns-2 is-cropped wp-block-gallery-1 is-layout-flex wp-block-gallery-is-layout-flex\">\n<figure class=\"wp-block-image size-large\"><img loading=\"lazy\" decoding=\"async\" width=\"1024\" height=\"768\" data-id=\"165428\" src=\"https:\/\/www.tucomarca.com\/wordpress\/segunda\/wp-content\/uploads\/2022\/08\/TributoSabina01-1024x768.jpg\" alt=\"\" class=\"wp-image-165428\" srcset=\"https:\/\/www.tucomarca.com\/wordpress\/segunda\/wp-content\/uploads\/2022\/08\/TributoSabina01-1024x768.jpg 1024w, https:\/\/www.tucomarca.com\/wordpress\/segunda\/wp-content\/uploads\/2022\/08\/TributoSabina01-300x225.jpg 300w, https:\/\/www.tucomarca.com\/wordpress\/segunda\/wp-content\/uploads\/2022\/08\/TributoSabina01-768x576.jpg 768w, https:\/\/www.tucomarca.com\/wordpress\/segunda\/wp-content\/uploads\/2022\/08\/TributoSabina01-1536x1152.jpg 1536w, https:\/\/www.tucomarca.com\/wordpress\/segunda\/wp-content\/uploads\/2022\/08\/TributoSabina01-678x509.jpg 678w, https:\/\/www.tucomarca.com\/wordpress\/segunda\/wp-content\/uploads\/2022\/08\/TributoSabina01-326x245.jpg 326w, https:\/\/www.tucomarca.com\/wordpress\/segunda\/wp-content\/uploads\/2022\/08\/TributoSabina01-80x60.jpg 80w, https:\/\/www.tucomarca.com\/wordpress\/segunda\/wp-content\/uploads\/2022\/08\/TributoSabina01.jpg 2048w\" sizes=\"auto, (max-width: 1024px) 100vw, 1024px\" \/><\/figure>\n\n\n\n<figure class=\"wp-block-image size-large\"><img loading=\"lazy\" decoding=\"async\" width=\"1024\" height=\"768\" data-id=\"165430\" src=\"https:\/\/www.tucomarca.com\/wordpress\/segunda\/wp-content\/uploads\/2022\/08\/TributoSabina02-1024x768.jpg\" alt=\"\" class=\"wp-image-165430\" srcset=\"https:\/\/www.tucomarca.com\/wordpress\/segunda\/wp-content\/uploads\/2022\/08\/TributoSabina02-1024x768.jpg 1024w, https:\/\/www.tucomarca.com\/wordpress\/segunda\/wp-content\/uploads\/2022\/08\/TributoSabina02-300x225.jpg 300w, https:\/\/www.tucomarca.com\/wordpress\/segunda\/wp-content\/uploads\/2022\/08\/TributoSabina02-768x576.jpg 768w, https:\/\/www.tucomarca.com\/wordpress\/segunda\/wp-content\/uploads\/2022\/08\/TributoSabina02-1536x1152.jpg 1536w, https:\/\/www.tucomarca.com\/wordpress\/segunda\/wp-content\/uploads\/2022\/08\/TributoSabina02-678x509.jpg 678w, https:\/\/www.tucomarca.com\/wordpress\/segunda\/wp-content\/uploads\/2022\/08\/TributoSabina02-326x245.jpg 326w, https:\/\/www.tucomarca.com\/wordpress\/segunda\/wp-content\/uploads\/2022\/08\/TributoSabina02-80x60.jpg 80w, https:\/\/www.tucomarca.com\/wordpress\/segunda\/wp-content\/uploads\/2022\/08\/TributoSabina02.jpg 1600w\" sizes=\"auto, (max-width: 1024px) 100vw, 1024px\" \/><\/figure>\n\n\n\n<figure class=\"wp-block-image size-large\"><img loading=\"lazy\" decoding=\"async\" width=\"768\" height=\"1024\" data-id=\"165426\" src=\"https:\/\/www.tucomarca.com\/wordpress\/segunda\/wp-content\/uploads\/2022\/08\/GuillermoTell-768x1024.jpg\" alt=\"\" class=\"wp-image-165426\" srcset=\"https:\/\/www.tucomarca.com\/wordpress\/segunda\/wp-content\/uploads\/2022\/08\/GuillermoTell-768x1024.jpg 768w, https:\/\/www.tucomarca.com\/wordpress\/segunda\/wp-content\/uploads\/2022\/08\/GuillermoTell-225x300.jpg 225w, https:\/\/www.tucomarca.com\/wordpress\/segunda\/wp-content\/uploads\/2022\/08\/GuillermoTell-1152x1536.jpg 1152w, https:\/\/www.tucomarca.com\/wordpress\/segunda\/wp-content\/uploads\/2022\/08\/GuillermoTell.jpg 1536w\" sizes=\"auto, (max-width: 768px) 100vw, 768px\" \/><\/figure>\n<\/figure>\n","protected":false},"excerpt":{"rendered":"<div class=\"mh-excerpt\">Bu\u00f1ol est\u00e1 ya preparado para vivir sus ansiadas Feria y Fiestas de este 2022 tras estos dos duros a\u00f1os de espera y tras engrasar motores arrancan de lleno sus fiestas con el esp\u00edritu festivo que <a class=\"mh-excerpt-more\" href=\"https:\/\/www.tucomarca.com\/wordpress\/segunda\/bunol-entra-de-lleno-en-su-semana-grande-de-feria-y-fiestas\/\" title=\"Bu\u00f1ol entra de lleno en su semana grande de Feria y Fiestas\">[+] <\/a><\/div>\n","protected":false},"author":12,"featured_media":165398,"comment_status":"open","ping_status":"open","sticky":false,"template":"","format":"gallery","meta":{"footnotes":""},"categories":[4,18,8,10,7,3,45],"tags":[10385,17583,400,5952],"class_list":{"0":"post-165363","1":"post","2":"type-post","3":"status-publish","4":"format-gallery","5":"has-post-thumbnail","7":"category-agenda","8":"category-bunol","9":"category-la-comarca","10":"category-la-hoya","11":"category-ocio-y-cultura","12":"category-seccion","13":"category-ventana","14":"tag-bunol","15":"tag-feria-y-fiestas-2022","16":"tag-feria-y-fiestas-bunol","17":"tag-la-hoya-de-bunol-chiva","18":"post_format-post-format-gallery"},"_links":{"self":[{"href":"https:\/\/www.tucomarca.com\/wordpress\/segunda\/wp-json\/wp\/v2\/posts\/165363","targetHints":{"allow":["GET"]}}],"collection":[{"href":"https:\/\/www.tucomarca.com\/wordpress\/segunda\/wp-json\/wp\/v2\/posts"}],"about":[{"href":"https:\/\/www.tucomarca.com\/wordpress\/segunda\/wp-json\/wp\/v2\/types\/post"}],"author":[{"embeddable":true,"href":"https:\/\/www.tucomarca.com\/wordpress\/segunda\/wp-json\/wp\/v2\/users\/12"}],"replies":[{"embeddable":true,"href":"https:\/\/www.tucomarca.com\/wordpress\/segunda\/wp-json\/wp\/v2\/comments?post=165363"}],"version-history":[{"count":0,"href":"https:\/\/www.tucomarca.com\/wordpress\/segunda\/wp-json\/wp\/v2\/posts\/165363\/revisions"}],"wp:featuredmedia":[{"embeddable":true,"href":"https:\/\/www.tucomarca.com\/wordpress\/segunda\/wp-json\/wp\/v2\/media\/165398"}],"wp:attachment":[{"href":"https:\/\/www.tucomarca.com\/wordpress\/segunda\/wp-json\/wp\/v2\/media?parent=165363"}],"wp:term":[{"taxonomy":"category","embeddable":true,"href":"https:\/\/www.tucomarca.com\/wordpress\/segunda\/wp-json\/wp\/v2\/categories?post=165363"},{"taxonomy":"post_tag","embeddable":true,"href":"https:\/\/www.tucomarca.com\/wordpress\/segunda\/wp-json\/wp\/v2\/tags?post=165363"}],"curies":[{"name":"wp","href":"https:\/\/api.w.org\/{rel}","templated":true}]}}