{"id":165392,"date":"2022-08-25T21:30:00","date_gmt":"2022-08-25T19:30:00","guid":{"rendered":"http:\/\/www.tucomarca.com\/wordpress\/segunda\/?p=165392"},"modified":"2022-08-25T21:58:40","modified_gmt":"2022-08-25T19:58:40","slug":"video-la-alcaldesa-de-bunol-juncal-carrascosa-nos-invita-a-disfrutar-de-los-dias-grandes-de-la-feria-y-fiestas","status":"publish","type":"post","link":"https:\/\/www.tucomarca.com\/wordpress\/segunda\/video-la-alcaldesa-de-bunol-juncal-carrascosa-nos-invita-a-disfrutar-de-los-dias-grandes-de-la-feria-y-fiestas\/","title":{"rendered":"V\u00eddeo: la alcaldesa de Bu\u00f1ol, Juncal Carrascosa, nos invita a disfrutar de los d\u00edas grandes de la Feria y Fiestas"},"content":{"rendered":"\n<figure class=\"wp-block-embed is-type-video is-provider-youtube wp-block-embed-youtube wp-embed-aspect-16-9 wp-has-aspect-ratio\"><div class=\"wp-block-embed__wrapper\">\n<iframe loading=\"lazy\" title=\"V\u00eddeo: La alcaldesa de Bu\u00f1ol nos invita a disfrutar de los d\u00edas grandes de la Feria y Fiestas 2022\" width=\"500\" height=\"281\" src=\"https:\/\/www.youtube.com\/embed\/Pm5KrvkwdBY?feature=oembed\" frameborder=\"0\" allow=\"accelerometer; autoplay; clipboard-write; encrypted-media; gyroscope; picture-in-picture; web-share\" referrerpolicy=\"strict-origin-when-cross-origin\" allowfullscreen><\/iframe>\n<\/div><\/figure>\n\n\n\n<p>La alcaldesa de Bu\u00f1ol, Juncal Carrascosa, nos anima a la participaci\u00f3n en unas Feria y Fiestas que entran a partir de este viernes en sus d\u00edas grandes, con numerosas y destacadas propuestas festivas organizadas tanto por el consistorio municipal como por las sociedades musicales locales.<\/p>\n\n\n\n<p>La alcaldesa invita a vecinos y visitantes \u00aba disfrutar de un programa de festejos para todos los p\u00fablicos, para todas las edades y para todos los gustos en un a\u00f1o muy especial en el que todos tenemos muchas ganas de disfrutar\u00bb, en palabras de Juncal Carrascosa<\/p>\n","protected":false},"excerpt":{"rendered":"<div class=\"mh-excerpt\">La alcaldesa de Bu\u00f1ol, Juncal Carrascosa, nos anima a la participaci\u00f3n en unas Feria y Fiestas que entran a partir de este viernes en sus d\u00edas grandes, con numerosas y destacadas propuestas festivas organizadas tanto <a class=\"mh-excerpt-more\" href=\"https:\/\/www.tucomarca.com\/wordpress\/segunda\/video-la-alcaldesa-de-bunol-juncal-carrascosa-nos-invita-a-disfrutar-de-los-dias-grandes-de-la-feria-y-fiestas\/\" title=\"V\u00eddeo: la alcaldesa de Bu\u00f1ol, Juncal Carrascosa, nos invita a disfrutar de los d\u00edas grandes de la Feria y Fiestas\">[+] <\/a><\/div>\n","protected":false},"author":1,"featured_media":165471,"comment_status":"open","ping_status":"open","sticky":false,"template":"","format":"video","meta":{"footnotes":""},"categories":[4,18,8,72,10,5,7,383,3,45,26],"tags":[10385,1669,400,17556,6984,5952],"class_list":{"0":"post-165392","1":"post","2":"type-post","3":"status-publish","4":"format-video","5":"has-post-thumbnail","7":"category-agenda","8":"category-bunol","9":"category-la-comarca","10":"category-sin-categorizar","11":"category-la-hoya","12":"category-la-semana-en-imagenes","13":"category-ocio-y-cultura","14":"category-pueblos-en-fiestas","15":"category-seccion","16":"category-ventana","17":"category-video","18":"tag-bunol","19":"tag-feria-y-fiestas","20":"tag-feria-y-fiestas-bunol","21":"tag-feria-y-fiestas-de-bunol-2022","22":"tag-juncal-carrascosa","23":"tag-la-hoya-de-bunol-chiva","24":"post_format-post-format-video"},"_links":{"self":[{"href":"https:\/\/www.tucomarca.com\/wordpress\/segunda\/wp-json\/wp\/v2\/posts\/165392","targetHints":{"allow":["GET"]}}],"collection":[{"href":"https:\/\/www.tucomarca.com\/wordpress\/segunda\/wp-json\/wp\/v2\/posts"}],"about":[{"href":"https:\/\/www.tucomarca.com\/wordpress\/segunda\/wp-json\/wp\/v2\/types\/post"}],"author":[{"embeddable":true,"href":"https:\/\/www.tucomarca.com\/wordpress\/segunda\/wp-json\/wp\/v2\/users\/1"}],"replies":[{"embeddable":true,"href":"https:\/\/www.tucomarca.com\/wordpress\/segunda\/wp-json\/wp\/v2\/comments?post=165392"}],"version-history":[{"count":0,"href":"https:\/\/www.tucomarca.com\/wordpress\/segunda\/wp-json\/wp\/v2\/posts\/165392\/revisions"}],"wp:featuredmedia":[{"embeddable":true,"href":"https:\/\/www.tucomarca.com\/wordpress\/segunda\/wp-json\/wp\/v2\/media\/165471"}],"wp:attachment":[{"href":"https:\/\/www.tucomarca.com\/wordpress\/segunda\/wp-json\/wp\/v2\/media?parent=165392"}],"wp:term":[{"taxonomy":"category","embeddable":true,"href":"https:\/\/www.tucomarca.com\/wordpress\/segunda\/wp-json\/wp\/v2\/categories?post=165392"},{"taxonomy":"post_tag","embeddable":true,"href":"https:\/\/www.tucomarca.com\/wordpress\/segunda\/wp-json\/wp\/v2\/tags?post=165392"}],"curies":[{"name":"wp","href":"https:\/\/api.w.org\/{rel}","templated":true}]}}