{"id":165482,"date":"2022-08-26T12:00:00","date_gmt":"2022-08-26T10:00:00","guid":{"rendered":"https:\/\/www.tucomarca.com\/wordpress\/segunda\/?p=165482"},"modified":"2022-09-13T20:46:25","modified_gmt":"2022-09-13T18:46:25","slug":"las-intensas-tormentas-de-ayer-danaron-cultivos-agricolas-en-requena-utiel","status":"publish","type":"post","link":"https:\/\/www.tucomarca.com\/wordpress\/segunda\/las-intensas-tormentas-de-ayer-danaron-cultivos-agricolas-en-requena-utiel\/","title":{"rendered":"Las intensas tormentas de ayer da\u00f1an cultivos agr\u00edcolas en Requena-Utiel\u00a0"},"content":{"rendered":"\n<p>Las tormentas llegaron ayer con fuerza a una parte de la comarca Requena-Utiel. Donde m\u00e1s llovi\u00f3 se superaron los 50 litros por metro cuadrado y concretamente en Sinarcas, en la Railla, se recogieron 52,2 litros de agua de lluvia por metro cuadrado, seg\u00fan la Asociaci\u00f3n Valenciana de Meteorolog\u00eda (AVAMET). Tambi\u00e9n fueron muy destacadas las precipitaciones en el sudeste del municipio de Requena, donde seg\u00fan Fernando C\u00e1rcel, de Meteo Requena Agricultura, en la zona de las pedan\u00edas de La Portera y Los Pedrones , se recogieron en torno a los 40 litros por metro cuadrado.<\/p>\n\n\n\n<p>La tormenta vino acompa\u00f1ada de pedrisco en las poblaciones de&nbsp;Sinarcas, La Torre, Las Cuevas, Campo Arcis, La Portera y Los Pedrones, coment\u00f3 Fernando C\u00e1rcel.<\/p>\n\n\n\n<p>El pedrisco produjo da\u00f1os importantes en vi\u00f1as, olivos y almendros, todav\u00eda sin evaluar.<\/p>\n\n\n\n<p>Por \u00faltimo, el fuerte viento, en torno a los 80 kil\u00f3metros por hora, caus\u00f3 da\u00f1os en almendros por la zona de Las Cuevas. Informa, <strong>Luis Ib\u00e1\u00f1ez.<\/strong><\/p>\n\n\n\n<p>En la foto: Un vi\u00f1edo de Campo Arc\u00eds fotografiado por <strong>Vicente Melero<\/strong>.&nbsp;<\/p>\n","protected":false},"excerpt":{"rendered":"<div class=\"mh-excerpt\">Las tormentas llegaron ayer con fuerza a una parte de la comarca Requena-Utiel. Donde m\u00e1s llovi\u00f3 se superaron los 50 litros por metro cuadrado y concretamente en Sinarcas, en la Railla, se recogieron 52,2 litros <a class=\"mh-excerpt-more\" href=\"https:\/\/www.tucomarca.com\/wordpress\/segunda\/las-intensas-tormentas-de-ayer-danaron-cultivos-agricolas-en-requena-utiel\/\" title=\"Las intensas tormentas de ayer da\u00f1an cultivos agr\u00edcolas en Requena-Utiel\u00a0\">[+] <\/a><\/div>\n","protected":false},"author":12,"featured_media":165485,"comment_status":"open","ping_status":"open","sticky":false,"template":"","format":"standard","meta":{"footnotes":""},"categories":[169,112,128,8,111,117,27,3,235,116,45],"tags":[1443,10387,7970],"class_list":{"0":"post-165482","1":"post","2":"type-post","3":"status-publish","4":"format-standard","5":"has-post-thumbnail","7":"category-agricultura-la-comarca","8":"category-campo-arcis","9":"category-infraestructuras","10":"category-la-comarca","11":"category-las-cuevas","12":"category-medio-ambiente-la-comarca","13":"category-requena-utiel","14":"category-seccion","15":"category-sinarcas","16":"category-sucesos-la-comarca","17":"category-ventana","18":"tag-pedrisco","19":"tag-requena-utiel","20":"tag-tormentas"},"_links":{"self":[{"href":"https:\/\/www.tucomarca.com\/wordpress\/segunda\/wp-json\/wp\/v2\/posts\/165482","targetHints":{"allow":["GET"]}}],"collection":[{"href":"https:\/\/www.tucomarca.com\/wordpress\/segunda\/wp-json\/wp\/v2\/posts"}],"about":[{"href":"https:\/\/www.tucomarca.com\/wordpress\/segunda\/wp-json\/wp\/v2\/types\/post"}],"author":[{"embeddable":true,"href":"https:\/\/www.tucomarca.com\/wordpress\/segunda\/wp-json\/wp\/v2\/users\/12"}],"replies":[{"embeddable":true,"href":"https:\/\/www.tucomarca.com\/wordpress\/segunda\/wp-json\/wp\/v2\/comments?post=165482"}],"version-history":[{"count":0,"href":"https:\/\/www.tucomarca.com\/wordpress\/segunda\/wp-json\/wp\/v2\/posts\/165482\/revisions"}],"wp:featuredmedia":[{"embeddable":true,"href":"https:\/\/www.tucomarca.com\/wordpress\/segunda\/wp-json\/wp\/v2\/media\/165485"}],"wp:attachment":[{"href":"https:\/\/www.tucomarca.com\/wordpress\/segunda\/wp-json\/wp\/v2\/media?parent=165482"}],"wp:term":[{"taxonomy":"category","embeddable":true,"href":"https:\/\/www.tucomarca.com\/wordpress\/segunda\/wp-json\/wp\/v2\/categories?post=165482"},{"taxonomy":"post_tag","embeddable":true,"href":"https:\/\/www.tucomarca.com\/wordpress\/segunda\/wp-json\/wp\/v2\/tags?post=165482"}],"curies":[{"name":"wp","href":"https:\/\/api.w.org\/{rel}","templated":true}]}}