{"id":165493,"date":"2022-08-26T09:45:00","date_gmt":"2022-08-26T07:45:00","guid":{"rendered":"https:\/\/www.tucomarca.com\/wordpress\/segunda\/?p=165493"},"modified":"2022-09-14T19:47:04","modified_gmt":"2022-09-14T17:47:04","slug":"riba-roja-subvencionara-con-hasta-8-000-euros-la-rehabilitacion-de-las-fachadas-de-los-edificios-que-tengan-mas-de-20-anos-de-antiguedad","status":"publish","type":"post","link":"https:\/\/www.tucomarca.com\/wordpress\/segunda\/riba-roja-subvencionara-con-hasta-8-000-euros-la-rehabilitacion-de-las-fachadas-de-los-edificios-que-tengan-mas-de-20-anos-de-antiguedad\/","title":{"rendered":"<strong>Riba-roja subvencionar\u00e1 con hasta 8.000 euros la rehabilitaci\u00f3n de las fachadas de los edificios que tengan m\u00e1s de 20 a\u00f1os de antig\u00fcedad<\/strong>"},"content":{"rendered":"\n<h4 class=\"wp-block-heading\">El ayuntamiento abre el plazo para la solicitud de estas ayudas hasta el pr\u00f3ximo 30 de septiembre con el objetivo de mejorar las fachadas de los edificios y, adem\u00e1s, reactivar la econom\u00eda local&nbsp;<\/h4>\n\n\n\n<p>El Ayuntamiento de Riba-roja de T\u00faria ha abierto el plazo para la solicitud de las subvenciones p\u00fablicas encaminadas a rehabilitar las fachadas de las viviendas de tipolog\u00eda unifamiliar o los edificios plurifamiliares residenciales ubicados en el suelo urbano del t\u00e9rmino municipal. Los edificios y las viviendas deber\u00e1n tener una antig\u00fcedad mayor de 20 a\u00f1os y tendr\u00e1n de plazo para la solicitud hasta el pr\u00f3ximo d\u00eda 30 de septiembre.&nbsp;<\/p>\n\n\n\n<p>Las bases reguladoras aprobadas por el equipo de gobierno pretenden combinar, al mismo tiempo, una mejora y adecuaci\u00f3n de las fachadas de los edificios y viviendas previstos y, adem\u00e1s, una reactivaci\u00f3n de la econom\u00eda local a trav\u00e9s de las obras que suponen estas actuaciones. Las obras contempladas en las subvenciones econ\u00f3micas est\u00e1n encaminadas a la rehabilitaci\u00f3n de las fachadas recayentes a la v\u00eda p\u00fablica de los edificios y viviendas descritos.&nbsp;<\/p>\n\n\n\n<p>Entre las obras previstas en las bases de regulaci\u00f3n est\u00e1n incluidas la reparaci\u00f3n o ejecuci\u00f3n de los revestimientos de las fachadas, aunque se excluyen los revestimientos de piedra completos en la fachada. De esta forma, s\u00f3lo se considerar\u00e1n subvencionables los revestimientos de piedra en zonas concretas como el z\u00f3calo o el contorno de los huecos. Adem\u00e1s, se podr\u00e1 subvencionar la pintura de la fachada y sus elementos de carpinter\u00eda y rejas.&nbsp;<\/p>\n\n\n\n<p>La iniciativa municipal se extiende a los elementos ornamentales para ocultar las canalizaciones y los cableados que discurran por la fachada, as\u00ed como el vierteaguas y las piezas de remate. En los balcones y las terrazas abiertas s\u00f3lo podr\u00e1n incluirse la reparaci\u00f3n del revestimiento de los par\u00e1metros verticales siempre que los mismos se encuentren a menos de 1 metro de la alineaci\u00f3n del vial, adem\u00e1s de los aleros. En las viviendas aisladas se incluyen los cerramientos de parcela recayentes al vial, pero se excluyen las fachadas que recaigan al interior de la parcela.&nbsp;<\/p>\n\n\n\n<p>Un punto a tener en cuenta es la obligaci\u00f3n de utilizar colores de materiales armonizados con el entorno, as\u00ed como la composici\u00f3n de la fachada, y cuyo incumplimiento puede suponer la exclusi\u00f3n del proceso de subvenciones tras las correspondientes evaluaciones de los t\u00e9cnicos municipales. Los propietarios deber\u00e1n, adem\u00e1s, obtener las correspondientes licencias de obras o declaraciones e obras antes de la ejecuci\u00f3n de las mismas.&nbsp;<\/p>\n\n\n\n<p>El presupuesto de las obras incluir\u00e1 el presupuesto de ejecuci\u00f3n material, los gastos generales y el beneficio industrial, excluido los impuestos sobre el valor a\u00f1adido (IVA). La cuant\u00eda de las ayudas ser\u00e1 del 50% del presupuesto protegido de la actuaci\u00f3n, con un importe m\u00e1ximo de 2.000 euros por vivienda y un m\u00e1ximo de 8.000 euros en el caso de los edificios plurifamiliares. En el caso de ejecutarse m\u00e1s obras de la prevista, el importe de la subvenci\u00f3n no variar\u00e1.&nbsp;<\/p>\n\n\n\n<p>Los futuros beneficiarios deber\u00e1n cumplir una serie de normas y requisitos. S\u00f3lo ser\u00e1n objeto de subvenci\u00f3n las viviendas unifamiliares o los edificios plurifamiliares residenciales, situados todos en el t\u00e9rmino municipal de Riba-roja de T\u00faria con una antig\u00fcedad superior a los 20 a\u00f1os desde el certificado de la obra o, en su defecto, desde la fecha de construcci\u00f3n seg\u00fan el catastro correspondiente. Podr\u00e1n ser beneficiarios las personas o entidades propietarias y las comunidades de propietarios, as\u00ed como los arrendatarios con autorizaci\u00f3n del propietario.&nbsp;<\/p>\n\n\n\n<p>Entre las obligaciones de los beneficiarios destacan el cumplimiento del objetivo a realizar la actividad que fundamenta la concesi\u00f3n de la subvenci\u00f3n, justificar ante el \u00f3rgano concedente los requisitos y condiciones, someterse a las actuaciones de comprobaci\u00f3n que efectuar\u00e1 el \u00f3rgano correspondiente, comunicar si han obtenido otras subvenciones, acreditar que est\u00e1 al corriente de las obligaciones tributarias, conservar los documentos justificativos y dar publicidad de la financiaci\u00f3n de las obras que hayan sido objeto de la subvenci\u00f3n, entre otras. El plazo para la presentaci\u00f3n de las solicitudes concluye el pr\u00f3ximo 30 de septiembre.&nbsp;<\/p>\n\n\n\n<p>En los criterios de adjudicaci\u00f3n de las subvenciones se tendr\u00e1n en cuenta el estado de conservaci\u00f3n de las fachadas con hasta 35 puntos, la antig\u00fcedad de la edificaci\u00f3n con otros 15 puntos como m\u00e1ximo, las actuaciones a ejecutar por empresas locales se conceder\u00e1 con otros 10 puntos, las fachadas recayentes a espacios p\u00fablicos tendr\u00e1n otros 10 puntos, los inmuebles ubicados en sectores gestionados y completamente urbanizados ser\u00e1n computados con otros 20 puntos y, por \u00faltimo, si el edificio dispone del informe de evaluaci\u00f3n supondr\u00e1 otros 20 puntos. Hasta el pr\u00f3ximo 31 de diciembre de 2023 se podr\u00e1n realizar las obras y presentar la documentaci\u00f3n justificativa.&nbsp;<\/p>\n\n\n\n<p>El alcalde de Riba-roja de T\u00faria, Robert Raga, ha afirmado que estas actuaciones municipales \u201ctienen como objetivo adecentar todas aquellas fachadas de las viviendas y edificios con m\u00e1s de 20 a\u00f1os de forma que no s\u00f3lo tiene un componente est\u00e9tico sino que, al mismo tiempo, sirve para favorecer la econom\u00eda local con la contrataci\u00f3n de las obras en las empresas radicadas en nuestro municipio, tal y como se establece en las bases reguladoras\u201d.&nbsp;<\/p>\n","protected":false},"excerpt":{"rendered":"<div class=\"mh-excerpt\">El ayuntamiento abre el plazo para la solicitud de estas ayudas hasta el pr\u00f3ximo 30 de septiembre con el objetivo de mejorar las fachadas de los edificios y, adem\u00e1s, reactivar la econom\u00eda local&nbsp; El Ayuntamiento <a class=\"mh-excerpt-more\" href=\"https:\/\/www.tucomarca.com\/wordpress\/segunda\/riba-roja-subvencionara-con-hasta-8-000-euros-la-rehabilitacion-de-las-fachadas-de-los-edificios-que-tengan-mas-de-20-anos-de-antiguedad\/\" title=\"Riba-roja subvencionar\u00e1 con hasta 8.000 euros la rehabilitaci\u00f3n de las fachadas de los edificios que tengan m\u00e1s de 20 a\u00f1os de antig\u00fcedad\">[+] <\/a><\/div>\n","protected":false},"author":12,"featured_media":165495,"comment_status":"open","ping_status":"open","sticky":false,"template":"","format":"standard","meta":{"footnotes":""},"categories":[46,128,8,142,182,3],"tags":[10395,14450,15023,1175],"class_list":{"0":"post-165493","1":"post","2":"type-post","3":"status-publish","4":"format-standard","5":"has-post-thumbnail","7":"category-camp-de-turia","8":"category-infraestructuras","9":"category-la-comarca","10":"category-politica-la-comarca","11":"category-riba-roja","12":"category-seccion","13":"tag-camp-de-turia","14":"tag-rehabilitacion-de-fachadas","15":"tag-riba-roja-de-turia","16":"tag-subvenciones"},"_links":{"self":[{"href":"https:\/\/www.tucomarca.com\/wordpress\/segunda\/wp-json\/wp\/v2\/posts\/165493","targetHints":{"allow":["GET"]}}],"collection":[{"href":"https:\/\/www.tucomarca.com\/wordpress\/segunda\/wp-json\/wp\/v2\/posts"}],"about":[{"href":"https:\/\/www.tucomarca.com\/wordpress\/segunda\/wp-json\/wp\/v2\/types\/post"}],"author":[{"embeddable":true,"href":"https:\/\/www.tucomarca.com\/wordpress\/segunda\/wp-json\/wp\/v2\/users\/12"}],"replies":[{"embeddable":true,"href":"https:\/\/www.tucomarca.com\/wordpress\/segunda\/wp-json\/wp\/v2\/comments?post=165493"}],"version-history":[{"count":0,"href":"https:\/\/www.tucomarca.com\/wordpress\/segunda\/wp-json\/wp\/v2\/posts\/165493\/revisions"}],"wp:featuredmedia":[{"embeddable":true,"href":"https:\/\/www.tucomarca.com\/wordpress\/segunda\/wp-json\/wp\/v2\/media\/165495"}],"wp:attachment":[{"href":"https:\/\/www.tucomarca.com\/wordpress\/segunda\/wp-json\/wp\/v2\/media?parent=165493"}],"wp:term":[{"taxonomy":"category","embeddable":true,"href":"https:\/\/www.tucomarca.com\/wordpress\/segunda\/wp-json\/wp\/v2\/categories?post=165493"},{"taxonomy":"post_tag","embeddable":true,"href":"https:\/\/www.tucomarca.com\/wordpress\/segunda\/wp-json\/wp\/v2\/tags?post=165493"}],"curies":[{"name":"wp","href":"https:\/\/api.w.org\/{rel}","templated":true}]}}