{"id":165571,"date":"2022-08-26T11:00:00","date_gmt":"2022-08-26T09:00:00","guid":{"rendered":"https:\/\/www.tucomarca.com\/wordpress\/segunda\/?p=165571"},"modified":"2022-09-14T19:57:33","modified_gmt":"2022-09-14T17:57:33","slug":"benaguasil-da-inicio-hoy-a-sus-fiestas-patronales","status":"publish","type":"post","link":"https:\/\/www.tucomarca.com\/wordpress\/segunda\/benaguasil-da-inicio-hoy-a-sus-fiestas-patronales\/","title":{"rendered":"Benaguasil da inicio hoy a sus fiestas patronales"},"content":{"rendered":"\n<h4 class=\"wp-block-heading\">Durante las fiestas se podr\u00e1 disfrutar de actos culturales, populares y religiosos para todos los p\u00fablicos<\/h4>\n\n\n\n<p>Benaguasil da hoy la bienvenida a sus fiestas patronales dedicadas a la Virgen de Montiel y a San Luis Gonzaga con la Presentaci\u00f3n esta noche de la Reina de las Fiestas y su Corte de Honor.<\/p>\n\n\n\n<p>El Ayuntamiento ha preparado una extensa y variada programaci\u00f3n destinada a todos los grupos de edad, combinando las tradiciones con los actos religiosos, culturales, etc. As\u00ed el programa de fiestas incluye la cena de quintas, castillos hinchables, festejos taurinos y la fiesta de la paella, entre otros.<\/p>\n\n\n\n<p>Entre los platos fuertes del men\u00fa festivo de este a\u00f1o destacan las actuaciones de las orquestas \u201cLa Pato\u201d y \u201cLa Tokio\u201d, el musical infantil \u00abLa magia del circo\u201d y \u201cEl reino del le\u00f3n\u201d, el espect\u00e1culo de hipnosis y mentalismo \u201cTu otro yo\u201d de Toni Pons, el musical \u201cLiberate\u201d de El Titi o la Big Holi Benaguasil, un evento que se complementa con una carrera de colores muy divertida , convirtiendo a la poblaci\u00f3n en un epicentro de la diversi\u00f3n y el ocio.<\/p>\n\n\n\n<p>Tambi\u00e9n dentro de las multitudinarias propuestas de la programaci\u00f3n de este a\u00f1o destaca el concurso de Tir i Arrossegament, la partida de Pilota, el campeonato de truc y botifarra, el concierto de la Uni\u00f3n Musical, el encuentro de bolillos y la Carrera Popular Pujada a la Montieleta.<\/p>\n\n\n\n<p>Respecto a los actos lit\u00fargicos \u00e9stos comenzar\u00e1n el d\u00eda 7 de septiembre con la romer\u00eda de bajada de la patrona que ser\u00e1 acompa\u00f1ada por centenares de vecinos y visitantes hasta su llegada a la localidad. Tambi\u00e9n durante los d\u00edas 8, 9 y 10 se realizar\u00e1n toda una serie de actividades religiosas tales como las procesiones y misas en las que, a\u00f1o tras a\u00f1o, los benaguasileros muestran el fervor a la Virgen de Montiel.<\/p>\n\n\n\n<p>&nbsp;La subida de la Virgen al santuario el d\u00eda 25 supondr\u00e1 el punto y final de este nutrido programa de actividades.<\/p>\n","protected":false},"excerpt":{"rendered":"<div class=\"mh-excerpt\">Durante las fiestas se podr\u00e1 disfrutar de actos culturales, populares y religiosos para todos los p\u00fablicos Benaguasil da hoy la bienvenida a sus fiestas patronales dedicadas a la Virgen de Montiel y a San Luis <a class=\"mh-excerpt-more\" href=\"https:\/\/www.tucomarca.com\/wordpress\/segunda\/benaguasil-da-inicio-hoy-a-sus-fiestas-patronales\/\" title=\"Benaguasil da inicio hoy a sus fiestas patronales\">[+] <\/a><\/div>\n","protected":false},"author":12,"featured_media":165573,"comment_status":"open","ping_status":"open","sticky":false,"template":"","format":"standard","meta":{"footnotes":""},"categories":[4,172,46,8,7,3],"tags":[10429,10395,3665],"class_list":{"0":"post-165571","1":"post","2":"type-post","3":"status-publish","4":"format-standard","5":"has-post-thumbnail","7":"category-agenda","8":"category-benaguasil","9":"category-camp-de-turia","10":"category-la-comarca","11":"category-ocio-y-cultura","12":"category-seccion","13":"tag-benaguasil","14":"tag-camp-de-turia","15":"tag-fiestas-patronales"},"_links":{"self":[{"href":"https:\/\/www.tucomarca.com\/wordpress\/segunda\/wp-json\/wp\/v2\/posts\/165571","targetHints":{"allow":["GET"]}}],"collection":[{"href":"https:\/\/www.tucomarca.com\/wordpress\/segunda\/wp-json\/wp\/v2\/posts"}],"about":[{"href":"https:\/\/www.tucomarca.com\/wordpress\/segunda\/wp-json\/wp\/v2\/types\/post"}],"author":[{"embeddable":true,"href":"https:\/\/www.tucomarca.com\/wordpress\/segunda\/wp-json\/wp\/v2\/users\/12"}],"replies":[{"embeddable":true,"href":"https:\/\/www.tucomarca.com\/wordpress\/segunda\/wp-json\/wp\/v2\/comments?post=165571"}],"version-history":[{"count":0,"href":"https:\/\/www.tucomarca.com\/wordpress\/segunda\/wp-json\/wp\/v2\/posts\/165571\/revisions"}],"wp:featuredmedia":[{"embeddable":true,"href":"https:\/\/www.tucomarca.com\/wordpress\/segunda\/wp-json\/wp\/v2\/media\/165573"}],"wp:attachment":[{"href":"https:\/\/www.tucomarca.com\/wordpress\/segunda\/wp-json\/wp\/v2\/media?parent=165571"}],"wp:term":[{"taxonomy":"category","embeddable":true,"href":"https:\/\/www.tucomarca.com\/wordpress\/segunda\/wp-json\/wp\/v2\/categories?post=165571"},{"taxonomy":"post_tag","embeddable":true,"href":"https:\/\/www.tucomarca.com\/wordpress\/segunda\/wp-json\/wp\/v2\/tags?post=165571"}],"curies":[{"name":"wp","href":"https:\/\/api.w.org\/{rel}","templated":true}]}}