{"id":165630,"date":"2022-08-28T17:00:00","date_gmt":"2022-08-28T15:00:00","guid":{"rendered":"https:\/\/www.tucomarca.com\/wordpress\/segunda\/?p=165630"},"modified":"2022-09-14T19:36:35","modified_gmt":"2022-09-14T17:36:35","slug":"video-la-lluvia-no-puede-con-la-charanga-los-xinos-que-ponen-la-nota-musical-al-arranque-de-la-feria-y-fiestas-2022","status":"publish","type":"post","link":"https:\/\/www.tucomarca.com\/wordpress\/segunda\/video-la-lluvia-no-puede-con-la-charanga-los-xinos-que-ponen-la-nota-musical-al-arranque-de-la-feria-y-fiestas-2022\/","title":{"rendered":"V\u00eddeo: La lluvia no puede con la charanga \u00abLos Xinos\u00bb que ponen la nota musical al arranque de la Feria y Fiestas 2022"},"content":{"rendered":"\n<figure class=\"wp-block-embed is-type-video is-provider-youtube wp-block-embed-youtube wp-embed-aspect-16-9 wp-has-aspect-ratio\"><div class=\"wp-block-embed__wrapper\">\n<iframe loading=\"lazy\" title=\"V\u00eddeo: La Xaranga &quot;Los Xinos&quot; pone la nota musical al arranque de la Feria y Fiestas 2022 de Bu\u00f1ol\" width=\"500\" height=\"281\" src=\"https:\/\/www.youtube.com\/embed\/h3zYyrJ_8Z4?feature=oembed\" frameborder=\"0\" allow=\"accelerometer; autoplay; clipboard-write; encrypted-media; gyroscope; picture-in-picture; web-share\" referrerpolicy=\"strict-origin-when-cross-origin\" allowfullscreen><\/iframe>\n<\/div><\/figure>\n\n\n\n<p>Tan esperada como el inicio de las fiestas ha sido la m\u00fasica que aporta el colorido especial a la primera noche de la Feria y Fiestas de Bu\u00f1ol con la Xaranga \u00abLos Xinos\u00bb, que desde hace algunos a\u00f1os marca el inicio musical de los festejos en de Bu\u00f1ol. Una noche muy especial para bu\u00f1oleros y bu\u00f1oleras, en la que se comparte la alegr\u00eda y el buen humor que caracteriza a esta charanga que est\u00e1 formada por m\u00fasicos de las dos bandas y que finaliza su intervenci\u00f3n subiendo al balc\u00f3n del ayuntamiento e interpretando el Himno a Bu\u00f1ol acompa\u00f1ados desde la plaza por el p\u00fablico y que aqu\u00ed recoge <strong>tucomarca televisi\u00f3n<\/strong>.<\/p>\n\n\n\n<p><\/p>\n","protected":false},"excerpt":{"rendered":"<div class=\"mh-excerpt\">Tan esperada como el inicio de las fiestas ha sido la m\u00fasica que aporta el colorido especial a la primera noche de la Feria y Fiestas de Bu\u00f1ol con la Xaranga \u00abLos Xinos\u00bb, que desde <a class=\"mh-excerpt-more\" href=\"https:\/\/www.tucomarca.com\/wordpress\/segunda\/video-la-lluvia-no-puede-con-la-charanga-los-xinos-que-ponen-la-nota-musical-al-arranque-de-la-feria-y-fiestas-2022\/\" title=\"V\u00eddeo: La lluvia no puede con la charanga \u00abLos Xinos\u00bb que ponen la nota musical al arranque de la Feria y Fiestas 2022\">[+] <\/a><\/div>\n","protected":false},"author":12,"featured_media":165643,"comment_status":"open","ping_status":"open","sticky":false,"template":"","format":"video","meta":{"footnotes":""},"categories":[18,66,8,72,10,5,7,383,3,45,26],"tags":[10385,1669,5952],"class_list":{"0":"post-165630","1":"post","2":"type-post","3":"status-publish","4":"format-video","5":"has-post-thumbnail","7":"category-bunol","8":"category-musica","9":"category-la-comarca","10":"category-sin-categorizar","11":"category-la-hoya","12":"category-la-semana-en-imagenes","13":"category-ocio-y-cultura","14":"category-pueblos-en-fiestas","15":"category-seccion","16":"category-ventana","17":"category-video","18":"tag-bunol","19":"tag-feria-y-fiestas","20":"tag-la-hoya-de-bunol-chiva","21":"post_format-post-format-video"},"_links":{"self":[{"href":"https:\/\/www.tucomarca.com\/wordpress\/segunda\/wp-json\/wp\/v2\/posts\/165630","targetHints":{"allow":["GET"]}}],"collection":[{"href":"https:\/\/www.tucomarca.com\/wordpress\/segunda\/wp-json\/wp\/v2\/posts"}],"about":[{"href":"https:\/\/www.tucomarca.com\/wordpress\/segunda\/wp-json\/wp\/v2\/types\/post"}],"author":[{"embeddable":true,"href":"https:\/\/www.tucomarca.com\/wordpress\/segunda\/wp-json\/wp\/v2\/users\/12"}],"replies":[{"embeddable":true,"href":"https:\/\/www.tucomarca.com\/wordpress\/segunda\/wp-json\/wp\/v2\/comments?post=165630"}],"version-history":[{"count":0,"href":"https:\/\/www.tucomarca.com\/wordpress\/segunda\/wp-json\/wp\/v2\/posts\/165630\/revisions"}],"wp:featuredmedia":[{"embeddable":true,"href":"https:\/\/www.tucomarca.com\/wordpress\/segunda\/wp-json\/wp\/v2\/media\/165643"}],"wp:attachment":[{"href":"https:\/\/www.tucomarca.com\/wordpress\/segunda\/wp-json\/wp\/v2\/media?parent=165630"}],"wp:term":[{"taxonomy":"category","embeddable":true,"href":"https:\/\/www.tucomarca.com\/wordpress\/segunda\/wp-json\/wp\/v2\/categories?post=165630"},{"taxonomy":"post_tag","embeddable":true,"href":"https:\/\/www.tucomarca.com\/wordpress\/segunda\/wp-json\/wp\/v2\/tags?post=165630"}],"curies":[{"name":"wp","href":"https:\/\/api.w.org\/{rel}","templated":true}]}}