{"id":165631,"date":"2022-08-28T17:10:00","date_gmt":"2022-08-28T15:10:00","guid":{"rendered":"https:\/\/www.tucomarca.com\/wordpress\/segunda\/?p=165631"},"modified":"2022-09-14T15:44:05","modified_gmt":"2022-09-14T13:44:05","slug":"video-bunol-recupera-su-tomatina-infantil-tras-dos-ediciones-sin-ella-a-consencuencia-de-la-pandemia","status":"publish","type":"post","link":"https:\/\/www.tucomarca.com\/wordpress\/segunda\/video-bunol-recupera-su-tomatina-infantil-tras-dos-ediciones-sin-ella-a-consencuencia-de-la-pandemia\/","title":{"rendered":"V\u00eddeo: Bu\u00f1ol recupera su Tomatina Infantil tras dos ediciones sin ella a consencuencia de la pandemia"},"content":{"rendered":"\n<figure class=\"wp-block-embed is-type-video is-provider-youtube wp-block-embed-youtube wp-embed-aspect-16-9 wp-has-aspect-ratio\"><div class=\"wp-block-embed__wrapper\">\n<iframe loading=\"lazy\" title=\"V\u00eddeo: Bu\u00f1ol recupera su Tomatina Infantil tras dos ediciones sin ella por la pandemia\" width=\"500\" height=\"281\" src=\"https:\/\/www.youtube.com\/embed\/k37_P3k7QIg?feature=oembed\" frameborder=\"0\" allow=\"accelerometer; autoplay; clipboard-write; encrypted-media; gyroscope; picture-in-picture; web-share\" referrerpolicy=\"strict-origin-when-cross-origin\" allowfullscreen><\/iframe>\n<\/div><\/figure>\n\n\n\n<p>Bu\u00f1ol ha recuperado este s\u00e1bado, 27 de agosto, su Tomatina Infantil tras dos a\u00f1os en las que no se ha podido disfrutar de ella a consecuencia de la pandemia. Este a\u00f1o s\u00ed, los m\u00e1s peque\u00f1os han podido emular a sus mayores lanz\u00e1ndose tomates en el tradicional y popular festejo organizado por el Ayuntamiento de la localidad y que resume en este v\u00eddeo <strong>tucomarca televisi\u00f3n<\/strong>.<\/p>\n","protected":false},"excerpt":{"rendered":"<div class=\"mh-excerpt\">Bu\u00f1ol ha recuperado este s\u00e1bado, 27 de agosto, su Tomatina Infantil tras dos a\u00f1os en las que no se ha podido disfrutar de ella a consecuencia de la pandemia. Este a\u00f1o s\u00ed, los m\u00e1s peque\u00f1os <a class=\"mh-excerpt-more\" href=\"https:\/\/www.tucomarca.com\/wordpress\/segunda\/video-bunol-recupera-su-tomatina-infantil-tras-dos-ediciones-sin-ella-a-consencuencia-de-la-pandemia\/\" title=\"V\u00eddeo: Bu\u00f1ol recupera su Tomatina Infantil tras dos ediciones sin ella a consencuencia de la pandemia\">[+] <\/a><\/div>\n","protected":false},"author":1,"featured_media":165634,"comment_status":"open","ping_status":"open","sticky":false,"template":"","format":"video","meta":{"footnotes":""},"categories":[18,8,72,10,5,7,383,3,45,26],"tags":[10385,5952,7689,96,17709],"class_list":{"0":"post-165631","1":"post","2":"type-post","3":"status-publish","4":"format-video","5":"has-post-thumbnail","7":"category-bunol","8":"category-la-comarca","9":"category-sin-categorizar","10":"category-la-hoya","11":"category-la-semana-en-imagenes","12":"category-ocio-y-cultura","13":"category-pueblos-en-fiestas","14":"category-seccion","15":"category-ventana","16":"category-video","17":"tag-bunol","18":"tag-la-hoya-de-bunol-chiva","19":"tag-la-tomatina","20":"tag-tomatina","21":"tag-tomatina-infantil","22":"post_format-post-format-video"},"_links":{"self":[{"href":"https:\/\/www.tucomarca.com\/wordpress\/segunda\/wp-json\/wp\/v2\/posts\/165631","targetHints":{"allow":["GET"]}}],"collection":[{"href":"https:\/\/www.tucomarca.com\/wordpress\/segunda\/wp-json\/wp\/v2\/posts"}],"about":[{"href":"https:\/\/www.tucomarca.com\/wordpress\/segunda\/wp-json\/wp\/v2\/types\/post"}],"author":[{"embeddable":true,"href":"https:\/\/www.tucomarca.com\/wordpress\/segunda\/wp-json\/wp\/v2\/users\/1"}],"replies":[{"embeddable":true,"href":"https:\/\/www.tucomarca.com\/wordpress\/segunda\/wp-json\/wp\/v2\/comments?post=165631"}],"version-history":[{"count":0,"href":"https:\/\/www.tucomarca.com\/wordpress\/segunda\/wp-json\/wp\/v2\/posts\/165631\/revisions"}],"wp:featuredmedia":[{"embeddable":true,"href":"https:\/\/www.tucomarca.com\/wordpress\/segunda\/wp-json\/wp\/v2\/media\/165634"}],"wp:attachment":[{"href":"https:\/\/www.tucomarca.com\/wordpress\/segunda\/wp-json\/wp\/v2\/media?parent=165631"}],"wp:term":[{"taxonomy":"category","embeddable":true,"href":"https:\/\/www.tucomarca.com\/wordpress\/segunda\/wp-json\/wp\/v2\/categories?post=165631"},{"taxonomy":"post_tag","embeddable":true,"href":"https:\/\/www.tucomarca.com\/wordpress\/segunda\/wp-json\/wp\/v2\/tags?post=165631"}],"curies":[{"name":"wp","href":"https:\/\/api.w.org\/{rel}","templated":true}]}}