{"id":165770,"date":"2022-08-29T14:00:00","date_gmt":"2022-08-29T12:00:00","guid":{"rendered":"https:\/\/www.tucomarca.com\/wordpress\/segunda\/?p=165770"},"modified":"2022-09-14T15:13:43","modified_gmt":"2022-09-14T13:13:43","slug":"video-el-traslado-del-patron-de-bunol-san-luis-bertran-a-la-iglesia-de-san-pedro-apostol-abre-la-feria-y-fiestas-2022","status":"publish","type":"post","link":"https:\/\/www.tucomarca.com\/wordpress\/segunda\/video-el-traslado-del-patron-de-bunol-san-luis-bertran-a-la-iglesia-de-san-pedro-apostol-abre-la-feria-y-fiestas-2022\/","title":{"rendered":"V\u00eddeo: el traslado del patr\u00f3n de Bu\u00f1ol, San Luis Bertr\u00e1n, a la iglesia de San Pedro Ap\u00f3stol abre la Feria y Fiestas 2022"},"content":{"rendered":"\n<figure class=\"wp-block-embed is-type-video is-provider-youtube wp-block-embed-youtube wp-embed-aspect-16-9 wp-has-aspect-ratio\"><div class=\"wp-block-embed__wrapper\">\n<iframe loading=\"lazy\" title=\"V\u00eddeo: el traslado del patr\u00f3n, San Luis, a la iglesia de San Pedro abre la Feria 2022 de Bu\u00f1ol\" width=\"500\" height=\"281\" src=\"https:\/\/www.youtube.com\/embed\/5oS9EN8eYRs?feature=oembed\" frameborder=\"0\" allow=\"accelerometer; autoplay; clipboard-write; encrypted-media; gyroscope; picture-in-picture; web-share\" referrerpolicy=\"strict-origin-when-cross-origin\" allowfullscreen><\/iframe>\n<\/div><\/figure>\n\n\n\n<p>El traslado del muy querido patr\u00f3n de Bu\u00f1ol, San Luis Beltr\u00e1n, a la iglesia de San Pedro Ap\u00f3stol marca el inicio de los actos en su honor dentro de la Feria y Fiestas de Bu\u00f1ol 2022.<\/p>\n","protected":false},"excerpt":{"rendered":"<div class=\"mh-excerpt\">El traslado del muy querido patr\u00f3n de Bu\u00f1ol, San Luis Beltr\u00e1n, a la iglesia de San Pedro Ap\u00f3stol marca el inicio de los actos en su honor dentro de la Feria y Fiestas de Bu\u00f1ol <a class=\"mh-excerpt-more\" href=\"https:\/\/www.tucomarca.com\/wordpress\/segunda\/video-el-traslado-del-patron-de-bunol-san-luis-bertran-a-la-iglesia-de-san-pedro-apostol-abre-la-feria-y-fiestas-2022\/\" title=\"V\u00eddeo: el traslado del patr\u00f3n de Bu\u00f1ol, San Luis Bertr\u00e1n, a la iglesia de San Pedro Ap\u00f3stol abre la Feria y Fiestas 2022\">[+] <\/a><\/div>\n","protected":false},"author":1,"featured_media":165772,"comment_status":"open","ping_status":"open","sticky":false,"template":"","format":"video","meta":{"footnotes":""},"categories":[18,66,8,72,10,5,7,383,3,45,26],"tags":[10385,17711,5952],"class_list":{"0":"post-165770","1":"post","2":"type-post","3":"status-publish","4":"format-video","5":"has-post-thumbnail","7":"category-bunol","8":"category-musica","9":"category-la-comarca","10":"category-sin-categorizar","11":"category-la-hoya","12":"category-la-semana-en-imagenes","13":"category-ocio-y-cultura","14":"category-pueblos-en-fiestas","15":"category-seccion","16":"category-ventana","17":"category-video","18":"tag-bunol","19":"tag-feria-fiestas-de-bunol","20":"tag-la-hoya-de-bunol-chiva","21":"post_format-post-format-video"},"_links":{"self":[{"href":"https:\/\/www.tucomarca.com\/wordpress\/segunda\/wp-json\/wp\/v2\/posts\/165770","targetHints":{"allow":["GET"]}}],"collection":[{"href":"https:\/\/www.tucomarca.com\/wordpress\/segunda\/wp-json\/wp\/v2\/posts"}],"about":[{"href":"https:\/\/www.tucomarca.com\/wordpress\/segunda\/wp-json\/wp\/v2\/types\/post"}],"author":[{"embeddable":true,"href":"https:\/\/www.tucomarca.com\/wordpress\/segunda\/wp-json\/wp\/v2\/users\/1"}],"replies":[{"embeddable":true,"href":"https:\/\/www.tucomarca.com\/wordpress\/segunda\/wp-json\/wp\/v2\/comments?post=165770"}],"version-history":[{"count":0,"href":"https:\/\/www.tucomarca.com\/wordpress\/segunda\/wp-json\/wp\/v2\/posts\/165770\/revisions"}],"wp:featuredmedia":[{"embeddable":true,"href":"https:\/\/www.tucomarca.com\/wordpress\/segunda\/wp-json\/wp\/v2\/media\/165772"}],"wp:attachment":[{"href":"https:\/\/www.tucomarca.com\/wordpress\/segunda\/wp-json\/wp\/v2\/media?parent=165770"}],"wp:term":[{"taxonomy":"category","embeddable":true,"href":"https:\/\/www.tucomarca.com\/wordpress\/segunda\/wp-json\/wp\/v2\/categories?post=165770"},{"taxonomy":"post_tag","embeddable":true,"href":"https:\/\/www.tucomarca.com\/wordpress\/segunda\/wp-json\/wp\/v2\/tags?post=165770"}],"curies":[{"name":"wp","href":"https:\/\/api.w.org\/{rel}","templated":true}]}}