{"id":165774,"date":"2022-08-29T09:00:00","date_gmt":"2022-08-29T07:00:00","guid":{"rendered":"https:\/\/www.tucomarca.com\/wordpress\/segunda\/?p=165774"},"modified":"2022-09-14T15:38:46","modified_gmt":"2022-09-14T13:38:46","slug":"titana-i-lempelt-abren-este-sabado-el-iii-ciclo-de-musica-tradicional-y-de-raiz-de-alborache","status":"publish","type":"post","link":"https:\/\/www.tucomarca.com\/wordpress\/segunda\/titana-i-lempelt-abren-este-sabado-el-iii-ciclo-de-musica-tradicional-y-de-raiz-de-alborache\/","title":{"rendered":"\u00abTitana\u00bb i l&#8217;Empelt abren este s\u00e1bado el III Ciclo de M\u00fasica Tradicional y de Ra\u00edz&nbsp; de Alborache"},"content":{"rendered":"\n<h4 class=\"wp-block-heading\">En esta edici\u00f3n se presenta el folclore de la Comunitat Valenciana, de otras regiones con el grupo Vig\u00fcela y de otros pa\u00edses con el concierto de fusi\u00f3n mediterr\u00e0nea de Krama<\/h4>\n\n\n\n<figure class=\"wp-block-image size-full\"><img loading=\"lazy\" decoding=\"async\" width=\"724\" height=\"557\" src=\"https:\/\/www.tucomarca.com\/wordpress\/segunda\/wp-content\/uploads\/2022\/08\/MusicaRaizAlborache01.jpg\" alt=\"\" class=\"wp-image-165778\" srcset=\"https:\/\/www.tucomarca.com\/wordpress\/segunda\/wp-content\/uploads\/2022\/08\/MusicaRaizAlborache01.jpg 724w, https:\/\/www.tucomarca.com\/wordpress\/segunda\/wp-content\/uploads\/2022\/08\/MusicaRaizAlborache01-300x231.jpg 300w\" sizes=\"auto, (max-width: 724px) 100vw, 724px\" \/><\/figure>\n\n\n\n<p>Alborache inaugura a partir del pr\u00f3ximo s\u00e1bado,&nbsp; 3 de septiembre, el III Ciclo de M\u00fasica Tradicional y de Ra\u00edz, un encuentro de \u201cCantos, Rutas y Viandas\u201d, que recupera una muestra de distintos tipos de folclore aplicados a la llamada m\u00fasica culta o cl\u00e1sica.<\/p>\n\n\n\n<p>Con esta tercera edici\u00f3n de este ciclo, la Concejal\u00eda de Cultura del Ayuntamiento de Alborache consolida una propuesta cultural que ha sido valorada muy positivamente, como punto de encuentro de especialistas en la m\u00fasica tradicional, y que mantiene el objetivo que impuls\u00f3 la primera edici\u00f3n: ense\u00f1ar y difundir conceptos musicales e hist\u00f3ricos de \u201cla m\u00fasica tradicional de la Comunitat Valenciana, de otras regiones e incluso de otros pa\u00edses\u201d, como ha explicado el concejal de Cultura, Vicente Dader quien ha adelantado que en esta edici\u00f3n se contar\u00e1 con el grupo Krama con ra\u00edces griegas y valencianas, o el grupo Vig\u00fcela de Toledo.<\/p>\n\n\n\n<p>En este sentido, la cantaora Noelia Llorens \u00abTitana\u00bb i l&#8217;Empelt abrir\u00e1 esta edici\u00f3n del Ciclo de M\u00fasica tradicional y de Ra\u00edz \u201cCantos, Rutas y Viandas\u201d con su espect\u00e1culo, el 3 de septiembre a las 19:00 h en la Plaza de Espa\u00f1a.<\/p>\n\n\n\n<p>La m\u00fasica tradicional volver\u00e1 a Alborache el fin de semana siguiente, con las actuaciones de Vig\u00fcela, s\u00e1bado, 17 de septiembre, a las 19:00 h en la Plaza de Espa\u00f1a.<\/p>\n\n\n\n<p>El domingo, 18 de septiembre, Krama cierra el ciclo con un concierto en el Miracle, a las 12:00 h. Con esta actuaci\u00f3n de fusi\u00f3n mediterr\u00e1nea, lo que se pretende, adem\u00e1s, es acercar el Milagro a la gente,<\/p>\n\n\n\n<p>Asimismo, el edil de Cultura ha destacado que el gran nivel de esta edici\u00f3n y de las pasadas se debe a la necesidad de \u00abofrecer propuestas culturales de calidad en el municipio\u00bb y muestra de ello es que los artistas que participaron en la pasada edici\u00f3n recibieron el premio Carlos Santos a la M\u00fasica.<\/p>\n\n\n\n<p>Finalmente, Dader ha se\u00f1alado que la asistencia a los conciertos es gratuita e invita a la gente a participar en este III Ciclo de m\u00fasica tradicional y de ra\u00edz.<\/p>\n\n\n\n<p><strong>PROGRAMA<\/strong><\/p>\n\n\n\n<p><strong>Noelia Llorens \u00abTitana\u00bb i l&#8217;Empelt<\/strong><\/p>\n\n\n\n<p>S\u00e1bado 3 de septiembre a las 19\u202fh plaza de Espa\u00f1a<\/p>\n\n\n\n<p><strong>Vig\u00fcela<\/strong><\/p>\n\n\n\n<p>S\u00e1bado 17 de septiembre a las 19\u202fh plaza de Espa\u00f1a<\/p>\n\n\n\n<p><strong>Krama<\/strong><\/p>\n\n\n\n<p>Domingo 18 de septiembre a les 12\u202fh en El Milagro<\/p>\n","protected":false},"excerpt":{"rendered":"<div class=\"mh-excerpt\">En esta edici\u00f3n se presenta el folclore de la Comunitat Valenciana, de otras regiones con el grupo Vig\u00fcela y de otros pa\u00edses con el concierto de fusi\u00f3n mediterr\u00e0nea de Krama Alborache inaugura a partir del <a class=\"mh-excerpt-more\" href=\"https:\/\/www.tucomarca.com\/wordpress\/segunda\/titana-i-lempelt-abren-este-sabado-el-iii-ciclo-de-musica-tradicional-y-de-raiz-de-alborache\/\" title=\"\u00abTitana\u00bb i l&#8217;Empelt abren este s\u00e1bado el III Ciclo de M\u00fasica Tradicional y de Ra\u00edz&nbsp; de Alborache\">[+] <\/a><\/div>\n","protected":false},"author":12,"featured_media":165827,"comment_status":"open","ping_status":"open","sticky":false,"template":"","format":"standard","meta":{"footnotes":""},"categories":[4,19,10,3],"tags":[10386,17713,5952],"class_list":{"0":"post-165774","1":"post","2":"type-post","3":"status-publish","4":"format-standard","5":"has-post-thumbnail","7":"category-agenda","8":"category-alborache","9":"category-la-hoya","10":"category-seccion","11":"tag-alborache","12":"tag-iii-ciclo-de-musica-tradicional-y-de-raiz","13":"tag-la-hoya-de-bunol-chiva"},"_links":{"self":[{"href":"https:\/\/www.tucomarca.com\/wordpress\/segunda\/wp-json\/wp\/v2\/posts\/165774","targetHints":{"allow":["GET"]}}],"collection":[{"href":"https:\/\/www.tucomarca.com\/wordpress\/segunda\/wp-json\/wp\/v2\/posts"}],"about":[{"href":"https:\/\/www.tucomarca.com\/wordpress\/segunda\/wp-json\/wp\/v2\/types\/post"}],"author":[{"embeddable":true,"href":"https:\/\/www.tucomarca.com\/wordpress\/segunda\/wp-json\/wp\/v2\/users\/12"}],"replies":[{"embeddable":true,"href":"https:\/\/www.tucomarca.com\/wordpress\/segunda\/wp-json\/wp\/v2\/comments?post=165774"}],"version-history":[{"count":0,"href":"https:\/\/www.tucomarca.com\/wordpress\/segunda\/wp-json\/wp\/v2\/posts\/165774\/revisions"}],"wp:featuredmedia":[{"embeddable":true,"href":"https:\/\/www.tucomarca.com\/wordpress\/segunda\/wp-json\/wp\/v2\/media\/165827"}],"wp:attachment":[{"href":"https:\/\/www.tucomarca.com\/wordpress\/segunda\/wp-json\/wp\/v2\/media?parent=165774"}],"wp:term":[{"taxonomy":"category","embeddable":true,"href":"https:\/\/www.tucomarca.com\/wordpress\/segunda\/wp-json\/wp\/v2\/categories?post=165774"},{"taxonomy":"post_tag","embeddable":true,"href":"https:\/\/www.tucomarca.com\/wordpress\/segunda\/wp-json\/wp\/v2\/tags?post=165774"}],"curies":[{"name":"wp","href":"https:\/\/api.w.org\/{rel}","templated":true}]}}