{"id":16578,"date":"2013-07-17T19:41:56","date_gmt":"2013-07-17T16:41:56","guid":{"rendered":"http:\/\/www.tucomarca.com\/wordpress\/segunda\/?p=16578"},"modified":"2013-07-17T19:41:56","modified_gmt":"2013-07-17T16:41:56","slug":"el-ayuntamiento-de-requena-convoca-bolsas-de-trabajo-de-oficial-1%c2%ba-de-obras-y-oficial-1%c2%ba-de-pintura","status":"publish","type":"post","link":"https:\/\/www.tucomarca.com\/wordpress\/segunda\/el-ayuntamiento-de-requena-convoca-bolsas-de-trabajo-de-oficial-1%c2%ba-de-obras-y-oficial-1%c2%ba-de-pintura\/","title":{"rendered":"El Ayuntamiento de Requena convoca bolsas de trabajo de oficial 1\u00ba de obras y oficial 1\u00ba de pintura"},"content":{"rendered":"<p>Este jueves ser\u00e1n publicadas las bases de los procedimientos selectivos para la constituci\u00f3n de sendas bolsas de trabajo oficial 1\u00ba de obras y oficial 1\u00ba de pintura, ante los eventuales periodos en los que se detecta la necesidad del Ayuntamiento de Requena de contratar trabajadores de estas especialidades.<br \/>\nLas bases de la convocatoria y las instancias pueden obtenerse tanto en las oficinas del Servicio de Atenci\u00f3n y Tramitaci\u00f3n (SAT) del Ayuntamiento de Requena como en la p\u00e1gina web municipal (requena.es), en la secci\u00f3n de empleo, \u2018ver ofertas de empleo\u2019 en \u2018bolsas de trabajo\u2019.<br \/>\nEl plazo de inscripci\u00f3n para ambos procesos estar\u00e1 abierto hasta el pr\u00f3ximo martes 30 de julio.<br \/>\nEn la presente convocatoria se comenzar\u00e1 a aplicar la exenci\u00f3n de la tasa establecida para la participaci\u00f3n en el proceso selectivo a las personas desempleadas, siendo requisito para el disfrute de la exenci\u00f3n que, en el plazo de que se trate, no hubieran rechazado oferta de empleo adecuado ni se hubiesen negado a participar, salvo causa justificada, en acciones de promoci\u00f3n, formaci\u00f3n o reconversi\u00f3n profesional, y carezcan de prestaci\u00f3n de desempleo o de rentas superiores, en c\u00f3mputo mensual, al salario m\u00ednimo interprofesional.<br \/>\nLos requisitos para poder optar a las bolsas, son: poseer la nacionalidad espa\u00f1ola o de algunos de los Estados miembros de la Uni\u00f3n Europea, poseer la capacidad funcional para el desempe\u00f1o de las tareas, tener cumplidos diecis\u00e9is a\u00f1os, no exceder, en su caso, de la edad m\u00e1xima de jubilaci\u00f3n forzosa, estar en posesi\u00f3n del Titulo de Graduado en Educaci\u00f3n Secundaria Obligatoria, Certificado de Estudios Primarios o titulaci\u00f3n superior y la posesi\u00f3n del carnet de conducir (B).<\/p>\n<p>La selecci\u00f3n se realizar\u00e1 a trav\u00e9s de la valoraci\u00f3n de m\u00e9ritos aportados por los aspirantes, la baremaci\u00f3n de los mismos puede ser consultada en las propias bases. Como novedad en el presente proceso de selecci\u00f3n cabe citar la eliminaci\u00f3n de los aspectos m\u00e1s subjetivos de la baremaci\u00f3n, elimin\u00e1ndose la entrevista personal que hasta la fecha se venia realizando, y el aumento de la valoraci\u00f3n de la experiencia, que permitir\u00e1 obtener una mayor puntuaci\u00f3n a los aspirantes con una mayor trayectoria laboral, que suponen uno de los colectivos con mayor dificultad en la inserci\u00f3n laboral en la actualidad. Otro aspecto valorado ser\u00e1n los cursos relacionados con los puestos de trabajo en cuesti\u00f3n.<br \/>\nCon la totalidad de aspirantes  se constituir\u00e1n las correspondientes bolsas de trabajo con los aspirantes ordenados en funci\u00f3n de las baremaciones obtenidas, que servir\u00e1n como base para la contrataci\u00f3n de profesionales de ambos perfiles, taquilleros y socorristas, en periodos en los que se tenga la necesidad de su contrataci\u00f3n.<\/p>\n","protected":false},"excerpt":{"rendered":"<div class=\"mh-excerpt\">Este jueves ser\u00e1n publicadas las bases de los procedimientos selectivos para la constituci\u00f3n de sendas bolsas de trabajo oficial 1\u00ba de obras y oficial 1\u00ba de pintura, ante los eventuales periodos en los que se <a class=\"mh-excerpt-more\" href=\"https:\/\/www.tucomarca.com\/wordpress\/segunda\/el-ayuntamiento-de-requena-convoca-bolsas-de-trabajo-de-oficial-1%c2%ba-de-obras-y-oficial-1%c2%ba-de-pintura\/\" title=\"El Ayuntamiento de Requena convoca bolsas de trabajo de oficial 1\u00ba de obras y oficial 1\u00ba de pintura\">[+] <\/a><\/div>\n","protected":false},"author":2,"featured_media":0,"comment_status":"open","ping_status":"open","sticky":false,"template":"","format":"standard","meta":{"footnotes":""},"categories":[8,28,27,3],"tags":[1238,1474,10388],"class_list":{"0":"post-16578","1":"post","2":"type-post","3":"status-publish","4":"format-standard","6":"category-la-comarca","7":"category-requena","8":"category-requena-utiel","9":"category-seccion","10":"tag-bolsas-de-trabajo","11":"tag-oficial-de-primera","12":"tag-requena"},"_links":{"self":[{"href":"https:\/\/www.tucomarca.com\/wordpress\/segunda\/wp-json\/wp\/v2\/posts\/16578","targetHints":{"allow":["GET"]}}],"collection":[{"href":"https:\/\/www.tucomarca.com\/wordpress\/segunda\/wp-json\/wp\/v2\/posts"}],"about":[{"href":"https:\/\/www.tucomarca.com\/wordpress\/segunda\/wp-json\/wp\/v2\/types\/post"}],"author":[{"embeddable":true,"href":"https:\/\/www.tucomarca.com\/wordpress\/segunda\/wp-json\/wp\/v2\/users\/2"}],"replies":[{"embeddable":true,"href":"https:\/\/www.tucomarca.com\/wordpress\/segunda\/wp-json\/wp\/v2\/comments?post=16578"}],"version-history":[{"count":0,"href":"https:\/\/www.tucomarca.com\/wordpress\/segunda\/wp-json\/wp\/v2\/posts\/16578\/revisions"}],"wp:attachment":[{"href":"https:\/\/www.tucomarca.com\/wordpress\/segunda\/wp-json\/wp\/v2\/media?parent=16578"}],"wp:term":[{"taxonomy":"category","embeddable":true,"href":"https:\/\/www.tucomarca.com\/wordpress\/segunda\/wp-json\/wp\/v2\/categories?post=16578"},{"taxonomy":"post_tag","embeddable":true,"href":"https:\/\/www.tucomarca.com\/wordpress\/segunda\/wp-json\/wp\/v2\/tags?post=16578"}],"curies":[{"name":"wp","href":"https:\/\/api.w.org\/{rel}","templated":true}]}}