{"id":165868,"date":"2022-08-30T09:00:00","date_gmt":"2022-08-30T07:00:00","guid":{"rendered":"https:\/\/www.tucomarca.com\/wordpress\/segunda\/?p=165868"},"modified":"2022-09-14T14:49:26","modified_gmt":"2022-09-14T12:49:26","slug":"benaguasil-corona-a-los-maximos-representantes-de-las-fiestas-patronales","status":"publish","type":"post","link":"https:\/\/www.tucomarca.com\/wordpress\/segunda\/benaguasil-corona-a-los-maximos-representantes-de-las-fiestas-patronales\/","title":{"rendered":"Benaguasil corona a los m\u00e1ximos representantes de las fiestas patronales&nbsp;"},"content":{"rendered":"\n<h4 class=\"wp-block-heading\">Centenares de vecinos acompa\u00f1aron a los representantes de la juventud en su presentaci\u00f3n<\/h4>\n\n\n\n<figure class=\"wp-block-gallery has-nested-images columns-3 is-cropped wp-block-gallery-1 is-layout-flex wp-block-gallery-is-layout-flex\">\n<figure class=\"wp-block-image size-large\"><img loading=\"lazy\" decoding=\"async\" width=\"591\" height=\"394\" data-id=\"165877\" src=\"https:\/\/www.tucomarca.com\/wordpress\/segunda\/wp-content\/uploads\/2022\/08\/BenaguasilCaramba.jpg\" alt=\"\" class=\"wp-image-165877\" srcset=\"https:\/\/www.tucomarca.com\/wordpress\/segunda\/wp-content\/uploads\/2022\/08\/BenaguasilCaramba.jpg 591w, https:\/\/www.tucomarca.com\/wordpress\/segunda\/wp-content\/uploads\/2022\/08\/BenaguasilCaramba-300x200.jpg 300w\" sizes=\"auto, (max-width: 591px) 100vw, 591px\" \/><\/figure>\n\n\n\n<figure class=\"wp-block-image size-large\"><img loading=\"lazy\" decoding=\"async\" width=\"591\" height=\"394\" data-id=\"165875\" src=\"https:\/\/www.tucomarca.com\/wordpress\/segunda\/wp-content\/uploads\/2022\/08\/BenaguasilAutoritats.jpg\" alt=\"\" class=\"wp-image-165875\" srcset=\"https:\/\/www.tucomarca.com\/wordpress\/segunda\/wp-content\/uploads\/2022\/08\/BenaguasilAutoritats.jpg 591w, https:\/\/www.tucomarca.com\/wordpress\/segunda\/wp-content\/uploads\/2022\/08\/BenaguasilAutoritats-300x200.jpg 300w\" sizes=\"auto, (max-width: 591px) 100vw, 591px\" \/><\/figure>\n<\/figure>\n\n\n\n<p>Benaguasil se visti\u00f3 de gala el pasado viernes para iniciar sus fiestas patronales en honor a la Virgen de Montiel. El pistoletazo de salida lo dio la presentaci\u00f3n de la Reina de las Fiestas, la joven Claudia Collado, y su Corte de Honor, as\u00ed como del Clavario Mayor, Miguel \u00c1ngel Civera y los festeros.<\/p>\n\n\n\n<p>El acto comenz\u00f3 en el Ayuntamiento, donde la corporaci\u00f3n municipal recibi\u00f3 a las j\u00f3venes para celebrar el pleno en el que se oficializ\u00f3 el nombramiento de las festeras y los clavarios. Una vez realizado el acto protocolario, la comitiva se dirigi\u00f3 al Auditorio para celebrar el emotivo acto de la presentaci\u00f3n. All\u00ed, y arropados por familiares y amigos, as\u00ed como representantes de asociaciones, fallas, clavar\u00edas y las autoridades municipales, la Reina de 2021 procedi\u00f3 a coronar a Claudia, quien se mostr\u00f3 muy agradecida e ilusionada con su nuevo cargo.<\/p>\n\n\n\n<p>Tras ello, fueron llamadas al escenario las damas de honor y los festeros. Impuestas las carambas a cada una de las j\u00f3venes lleg\u00f3 el momento de los parlamentos, primero del clavario mayor de la Virgen de Montiel, Adri\u00e1n Balaguer, posteriormente del mantenedor de dicho acto, Vicent Gregori, y del alcalde de Benaguasil, Ximo Segarra.<\/p>\n\n\n\n<p>La presentaci\u00f3n da inicio a un extenso programa festivo, en el que la Concejal\u00eda ha previsto distintos actos y actividades para todos los p\u00fablicos. Unos festejos que se alargar\u00e1n hasta mediados de septiembre y en el que no faltar\u00e1 la m\u00fasica, la cultura, la tradici\u00f3n, y, sobre todo, la ilusi\u00f3n de un pueblo que se vuelca con cada acto.<\/p>\n\n\n\n<figure class=\"wp-block-image size-full\"><img loading=\"lazy\" decoding=\"async\" width=\"591\" height=\"394\" src=\"https:\/\/www.tucomarca.com\/wordpress\/segunda\/wp-content\/uploads\/2022\/08\/BenaguasilGrupo.jpg\" alt=\"\" class=\"wp-image-165879\" srcset=\"https:\/\/www.tucomarca.com\/wordpress\/segunda\/wp-content\/uploads\/2022\/08\/BenaguasilGrupo.jpg 591w, https:\/\/www.tucomarca.com\/wordpress\/segunda\/wp-content\/uploads\/2022\/08\/BenaguasilGrupo-300x200.jpg 300w\" sizes=\"auto, (max-width: 591px) 100vw, 591px\" \/><\/figure>\n","protected":false},"excerpt":{"rendered":"<div class=\"mh-excerpt\">Centenares de vecinos acompa\u00f1aron a los representantes de la juventud en su presentaci\u00f3n Benaguasil se visti\u00f3 de gala el pasado viernes para iniciar sus fiestas patronales en honor a la Virgen de Montiel. El pistoletazo <a class=\"mh-excerpt-more\" href=\"https:\/\/www.tucomarca.com\/wordpress\/segunda\/benaguasil-corona-a-los-maximos-representantes-de-las-fiestas-patronales\/\" title=\"Benaguasil corona a los m\u00e1ximos representantes de las fiestas patronales&nbsp;\">[+] <\/a><\/div>\n","protected":false},"author":12,"featured_media":165881,"comment_status":"open","ping_status":"open","sticky":false,"template":"","format":"gallery","meta":{"footnotes":""},"categories":[172,46,8,5,7,383,3,45],"tags":[10429,10395,3665],"class_list":{"0":"post-165868","1":"post","2":"type-post","3":"status-publish","4":"format-gallery","5":"has-post-thumbnail","7":"category-benaguasil","8":"category-camp-de-turia","9":"category-la-comarca","10":"category-la-semana-en-imagenes","11":"category-ocio-y-cultura","12":"category-pueblos-en-fiestas","13":"category-seccion","14":"category-ventana","15":"tag-benaguasil","16":"tag-camp-de-turia","17":"tag-fiestas-patronales","18":"post_format-post-format-gallery"},"_links":{"self":[{"href":"https:\/\/www.tucomarca.com\/wordpress\/segunda\/wp-json\/wp\/v2\/posts\/165868","targetHints":{"allow":["GET"]}}],"collection":[{"href":"https:\/\/www.tucomarca.com\/wordpress\/segunda\/wp-json\/wp\/v2\/posts"}],"about":[{"href":"https:\/\/www.tucomarca.com\/wordpress\/segunda\/wp-json\/wp\/v2\/types\/post"}],"author":[{"embeddable":true,"href":"https:\/\/www.tucomarca.com\/wordpress\/segunda\/wp-json\/wp\/v2\/users\/12"}],"replies":[{"embeddable":true,"href":"https:\/\/www.tucomarca.com\/wordpress\/segunda\/wp-json\/wp\/v2\/comments?post=165868"}],"version-history":[{"count":0,"href":"https:\/\/www.tucomarca.com\/wordpress\/segunda\/wp-json\/wp\/v2\/posts\/165868\/revisions"}],"wp:featuredmedia":[{"embeddable":true,"href":"https:\/\/www.tucomarca.com\/wordpress\/segunda\/wp-json\/wp\/v2\/media\/165881"}],"wp:attachment":[{"href":"https:\/\/www.tucomarca.com\/wordpress\/segunda\/wp-json\/wp\/v2\/media?parent=165868"}],"wp:term":[{"taxonomy":"category","embeddable":true,"href":"https:\/\/www.tucomarca.com\/wordpress\/segunda\/wp-json\/wp\/v2\/categories?post=165868"},{"taxonomy":"post_tag","embeddable":true,"href":"https:\/\/www.tucomarca.com\/wordpress\/segunda\/wp-json\/wp\/v2\/tags?post=165868"}],"curies":[{"name":"wp","href":"https:\/\/api.w.org\/{rel}","templated":true}]}}