{"id":165996,"date":"2022-08-30T14:00:00","date_gmt":"2022-08-30T12:00:00","guid":{"rendered":"https:\/\/www.tucomarca.com\/wordpress\/segunda\/?p=165996"},"modified":"2022-09-14T14:25:21","modified_gmt":"2022-09-14T12:25:21","slug":"carla-garcia-iranzo-inicia-su-reinado-de-la-feria-y-fiestas-de-utiel-2022","status":"publish","type":"post","link":"https:\/\/www.tucomarca.com\/wordpress\/segunda\/carla-garcia-iranzo-inicia-su-reinado-de-la-feria-y-fiestas-de-utiel-2022\/","title":{"rendered":"<strong>Carla Garc\u00eda Iranzo inicia su reinado de la Feria y Fiestas de Utiel 2022&nbsp;<\/strong>"},"content":{"rendered":"\n<h4 class=\"wp-block-heading\">Las fiestas patronales de Utiel comenzar\u00e1n el pr\u00f3ximo viernes 2 de septiembre y se prolongar\u00e1n hasta el 11 de septiembre. &nbsp;<\/h4>\n\n\n\n<h4 class=\"wp-block-heading\">El preg\u00f3n anunciador de la Feria de Utiel 2022 correr\u00e1 a cargo de&nbsp; Jos\u00e9 Jim\u00e9nez \u201cJoselito\u201d<\/h4>\n\n\n\n<figure class=\"wp-block-image size-full\"><img loading=\"lazy\" decoding=\"async\" width=\"886\" height=\"591\" src=\"https:\/\/www.tucomarca.com\/wordpress\/segunda\/wp-content\/uploads\/2022\/09\/UtielReinaCorteH.jpg\" alt=\"\" class=\"wp-image-166039\" srcset=\"https:\/\/www.tucomarca.com\/wordpress\/segunda\/wp-content\/uploads\/2022\/09\/UtielReinaCorteH.jpg 886w, https:\/\/www.tucomarca.com\/wordpress\/segunda\/wp-content\/uploads\/2022\/09\/UtielReinaCorteH-300x200.jpg 300w, https:\/\/www.tucomarca.com\/wordpress\/segunda\/wp-content\/uploads\/2022\/09\/UtielReinaCorteH-768x512.jpg 768w\" sizes=\"auto, (max-width: 886px) 100vw, 886px\" \/><\/figure>\n\n\n\n<p>El pasado s\u00e1bado, 27 de agosto, tras el acto de proclamaci\u00f3n celebrado en el Teatro Rambal, la Srta. Carla Garc\u00eda Iranzo iniciaba su Reinado de la Feria y Fiestas de Utiel 2022 junto a sus 16 Damas de Honor.&nbsp;<\/p>\n\n\n\n<p>Un acto emotivo que cont\u00f3 con la intervenci\u00f3n como mantenedor del periodista e historiador de ascendencia utielana, D. Miguel \u00c1ngel Villena, redactor de las secciones de Cultura e Internacional del Peri\u00f3dico El Pa\u00eds durante m\u00e1s de 20 a\u00f1os y reconocido escritor que el a\u00f1o pasado gan\u00f3 el premio Comillas de Historia, Biograf\u00eda y Memorias con la publicaci\u00f3n biogr\u00e1fica del cineasta de ra\u00edces utielanas Luis Garc\u00eda Berlanga \u00abBerlanga. Vida y cine de un creador irreverente\u00bb.<\/p>\n\n\n\n<p>Miguel \u00c1ngel Villena relat\u00f3 an\u00e9cdotas y recuerdos especiales de su infancia y adolescencia en Utiel y remarc\u00f3 el v\u00ednculo afectivo que le sigue uniendo a Utiel.&nbsp;<\/p>\n\n\n\n<p>Al acto de presentaci\u00f3n de la reina tambi\u00e9n asist\u00eda el pregonero de la Feria y Fiestas de Utiel 2022, el reconocido artista, cantante y actor, Jos\u00e9 Jim\u00e9nez \u201cJoselito \u201c.<\/p>\n\n\n\n<p>Desde el Ayuntamiento de Utiel trasladamos nuestra m\u00e1s sincera enhorabuena a la reina y damas de esta Feria&nbsp;2022 a las que, tras 2 a\u00f1os de espera, las animamos a disfrutar al m\u00e1ximo de cada momento de nuestras fiestas patronales. Asimismo, felicitamos a la reina saliente, Srta. Alba Murgui Romero y su corte de honor por su extraordinaria representaci\u00f3n de Utiel durante su prolongado reinado.&nbsp;<\/p>\n\n\n\n<p>Im\u00e1genes cedidas por Yago Fotograf\u00eda &amp; Arte<\/p>\n","protected":false},"excerpt":{"rendered":"<div class=\"mh-excerpt\">Las fiestas patronales de Utiel comenzar\u00e1n el pr\u00f3ximo viernes 2 de septiembre y se prolongar\u00e1n hasta el 11 de septiembre. &nbsp; El preg\u00f3n anunciador de la Feria de Utiel 2022 correr\u00e1 a cargo de&nbsp; Jos\u00e9 <a class=\"mh-excerpt-more\" href=\"https:\/\/www.tucomarca.com\/wordpress\/segunda\/carla-garcia-iranzo-inicia-su-reinado-de-la-feria-y-fiestas-de-utiel-2022\/\" title=\"Carla Garc\u00eda Iranzo inicia su reinado de la Feria y Fiestas de Utiel 2022&nbsp;\">[+] <\/a><\/div>\n","protected":false},"author":12,"featured_media":166037,"comment_status":"open","ping_status":"open","sticky":false,"template":"","format":"standard","meta":{"footnotes":""},"categories":[4,8,5,7,383,27,3,29],"tags":[17720,10387,10389],"class_list":{"0":"post-165996","1":"post","2":"type-post","3":"status-publish","4":"format-standard","5":"has-post-thumbnail","7":"category-agenda","8":"category-la-comarca","9":"category-la-semana-en-imagenes","10":"category-ocio-y-cultura","11":"category-pueblos-en-fiestas","12":"category-requena-utiel","13":"category-seccion","14":"category-utiel","15":"tag-feria-y-fiestas-de-utiel","16":"tag-requena-utiel","17":"tag-utiel"},"_links":{"self":[{"href":"https:\/\/www.tucomarca.com\/wordpress\/segunda\/wp-json\/wp\/v2\/posts\/165996","targetHints":{"allow":["GET"]}}],"collection":[{"href":"https:\/\/www.tucomarca.com\/wordpress\/segunda\/wp-json\/wp\/v2\/posts"}],"about":[{"href":"https:\/\/www.tucomarca.com\/wordpress\/segunda\/wp-json\/wp\/v2\/types\/post"}],"author":[{"embeddable":true,"href":"https:\/\/www.tucomarca.com\/wordpress\/segunda\/wp-json\/wp\/v2\/users\/12"}],"replies":[{"embeddable":true,"href":"https:\/\/www.tucomarca.com\/wordpress\/segunda\/wp-json\/wp\/v2\/comments?post=165996"}],"version-history":[{"count":0,"href":"https:\/\/www.tucomarca.com\/wordpress\/segunda\/wp-json\/wp\/v2\/posts\/165996\/revisions"}],"wp:featuredmedia":[{"embeddable":true,"href":"https:\/\/www.tucomarca.com\/wordpress\/segunda\/wp-json\/wp\/v2\/media\/166037"}],"wp:attachment":[{"href":"https:\/\/www.tucomarca.com\/wordpress\/segunda\/wp-json\/wp\/v2\/media?parent=165996"}],"wp:term":[{"taxonomy":"category","embeddable":true,"href":"https:\/\/www.tucomarca.com\/wordpress\/segunda\/wp-json\/wp\/v2\/categories?post=165996"},{"taxonomy":"post_tag","embeddable":true,"href":"https:\/\/www.tucomarca.com\/wordpress\/segunda\/wp-json\/wp\/v2\/tags?post=165996"}],"curies":[{"name":"wp","href":"https:\/\/api.w.org\/{rel}","templated":true}]}}