{"id":165997,"date":"2022-08-30T13:46:00","date_gmt":"2022-08-30T11:46:00","guid":{"rendered":"https:\/\/www.tucomarca.com\/wordpress\/segunda\/?p=165997"},"modified":"2022-09-14T14:37:01","modified_gmt":"2022-09-14T12:37:01","slug":"video-resumen-la-cabalgata-de-la-artistica-devuelve-a-las-calles-de-bunol-la-musica-y-la-alegria-tras-dos-anos-de-pandemia","status":"publish","type":"post","link":"https:\/\/www.tucomarca.com\/wordpress\/segunda\/video-resumen-la-cabalgata-de-la-artistica-devuelve-a-las-calles-de-bunol-la-musica-y-la-alegria-tras-dos-anos-de-pandemia\/","title":{"rendered":"V\u00eddeo-resumen: la cabalgata de \u00abLa Art\u00edstica\u00bb devuelve a las calles de Bu\u00f1ol la m\u00fasica y la alegr\u00eda tras dos a\u00f1os de pandemia"},"content":{"rendered":"\n<figure class=\"wp-block-embed is-type-rich is-provider-gestor-del-servicio wp-block-embed-gestor-del-servicio wp-embed-aspect-16-9 wp-has-aspect-ratio\"><div class=\"wp-block-embed__wrapper\">\n<iframe loading=\"lazy\" title=\"V\u00eddeo-resumen: La cabalgata de &quot;La Art\u00edstica&quot; devuelve a las calles de Bu\u00f1ol la m\u00fasica y la alegr\u00eda\" width=\"500\" height=\"281\" src=\"https:\/\/www.youtube.com\/embed\/x0AX1MfetEA?feature=oembed\" frameborder=\"0\" allow=\"accelerometer; autoplay; clipboard-write; encrypted-media; gyroscope; picture-in-picture; web-share\" referrerpolicy=\"strict-origin-when-cross-origin\" allowfullscreen><\/iframe>\n<\/div><\/figure>\n\n\n\n<p>V\u00eddeo-resumen elaborado por <strong>tucomarca televisi\u00f3n<\/strong> del desarrollo de la cabalgata de la Sociedad Musical \u00abLa Art\u00edstica\u00bb que ha devuelto este domingo a las calles de Bu\u00f1ol la m\u00fasica y la alegr\u00eda de las que no se han podido disfrutar estos dos \u00faltimos a\u00f1os debido a la pandemia.<\/p>\n","protected":false},"excerpt":{"rendered":"<div class=\"mh-excerpt\">V\u00eddeo-resumen elaborado por tucomarca televisi\u00f3n del desarrollo de la cabalgata de la Sociedad Musical \u00abLa Art\u00edstica\u00bb que ha devuelto este domingo a las calles de Bu\u00f1ol la m\u00fasica y la alegr\u00eda de las que no <a class=\"mh-excerpt-more\" href=\"https:\/\/www.tucomarca.com\/wordpress\/segunda\/video-resumen-la-cabalgata-de-la-artistica-devuelve-a-las-calles-de-bunol-la-musica-y-la-alegria-tras-dos-anos-de-pandemia\/\" title=\"V\u00eddeo-resumen: la cabalgata de \u00abLa Art\u00edstica\u00bb devuelve a las calles de Bu\u00f1ol la m\u00fasica y la alegr\u00eda tras dos a\u00f1os de pandemia\">[+] <\/a><\/div>\n","protected":false},"author":1,"featured_media":165998,"comment_status":"open","ping_status":"open","sticky":false,"template":"","format":"video","meta":{"footnotes":""},"categories":[18,66,8,72,10,5,7,383,3,45,26],"tags":[10385,1669,5952,10559],"class_list":{"0":"post-165997","1":"post","2":"type-post","3":"status-publish","4":"format-video","5":"has-post-thumbnail","7":"category-bunol","8":"category-musica","9":"category-la-comarca","10":"category-sin-categorizar","11":"category-la-hoya","12":"category-la-semana-en-imagenes","13":"category-ocio-y-cultura","14":"category-pueblos-en-fiestas","15":"category-seccion","16":"category-ventana","17":"category-video","18":"tag-bunol","19":"tag-feria-y-fiestas","20":"tag-la-hoya-de-bunol-chiva","21":"tag-sm-la-artistica-de-bunol","22":"post_format-post-format-video"},"_links":{"self":[{"href":"https:\/\/www.tucomarca.com\/wordpress\/segunda\/wp-json\/wp\/v2\/posts\/165997","targetHints":{"allow":["GET"]}}],"collection":[{"href":"https:\/\/www.tucomarca.com\/wordpress\/segunda\/wp-json\/wp\/v2\/posts"}],"about":[{"href":"https:\/\/www.tucomarca.com\/wordpress\/segunda\/wp-json\/wp\/v2\/types\/post"}],"author":[{"embeddable":true,"href":"https:\/\/www.tucomarca.com\/wordpress\/segunda\/wp-json\/wp\/v2\/users\/1"}],"replies":[{"embeddable":true,"href":"https:\/\/www.tucomarca.com\/wordpress\/segunda\/wp-json\/wp\/v2\/comments?post=165997"}],"version-history":[{"count":0,"href":"https:\/\/www.tucomarca.com\/wordpress\/segunda\/wp-json\/wp\/v2\/posts\/165997\/revisions"}],"wp:featuredmedia":[{"embeddable":true,"href":"https:\/\/www.tucomarca.com\/wordpress\/segunda\/wp-json\/wp\/v2\/media\/165998"}],"wp:attachment":[{"href":"https:\/\/www.tucomarca.com\/wordpress\/segunda\/wp-json\/wp\/v2\/media?parent=165997"}],"wp:term":[{"taxonomy":"category","embeddable":true,"href":"https:\/\/www.tucomarca.com\/wordpress\/segunda\/wp-json\/wp\/v2\/categories?post=165997"},{"taxonomy":"post_tag","embeddable":true,"href":"https:\/\/www.tucomarca.com\/wordpress\/segunda\/wp-json\/wp\/v2\/tags?post=165997"}],"curies":[{"name":"wp","href":"https:\/\/api.w.org\/{rel}","templated":true}]}}