{"id":166012,"date":"2022-08-31T18:00:00","date_gmt":"2022-08-31T16:00:00","guid":{"rendered":"https:\/\/www.tucomarca.com\/wordpress\/segunda\/?p=166012"},"modified":"2022-09-14T13:57:37","modified_gmt":"2022-09-14T11:57:37","slug":"video-tucomarca-television-retransmite-en-directo-la-75-edicion-de-la-tomatina-que-bunol-recupera-este-2022-tras-la-pandemia","status":"publish","type":"post","link":"https:\/\/www.tucomarca.com\/wordpress\/segunda\/video-tucomarca-television-retransmite-en-directo-la-75-edicion-de-la-tomatina-que-bunol-recupera-este-2022-tras-la-pandemia\/","title":{"rendered":"V\u00eddeo: tucomarca televisi\u00f3n retransmite en directo la 75 edici\u00f3n de La Tomatina que Bu\u00f1ol recupera este 2022 tras la pandemia"},"content":{"rendered":"\n<figure class=\"wp-block-embed is-type-video is-provider-youtube wp-block-embed-youtube wp-embed-aspect-16-9 wp-has-aspect-ratio\"><div class=\"wp-block-embed__wrapper\">\n<iframe loading=\"lazy\" title=\"Retransmisi\u00f3n en directo de La Tomatina 2022 de Bu\u00f1ol realizada por tucomarca televisi\u00f3n\" width=\"500\" height=\"281\" src=\"https:\/\/www.youtube.com\/embed\/T4oD-pZMIY0?feature=oembed\" frameborder=\"0\" allow=\"accelerometer; autoplay; clipboard-write; encrypted-media; gyroscope; picture-in-picture; web-share\" referrerpolicy=\"strict-origin-when-cross-origin\" allowfullscreen><\/iframe>\n<\/div><\/figure>\n\n\n\n<p>Retransmisi\u00f3n en directo de La Tomatina 2022 de Bu\u00f1ol realizada por <strong>tucomarca televisi\u00f3n<\/strong> desde el Ayuntamiento de la localidad este mi\u00e9rcoles, 31 de agosto, con las entrevistas a los protagonistas de la jornada festiva que la localidad recupera tras dos a\u00f1os de pandemia.<\/p>\n","protected":false},"excerpt":{"rendered":"<div class=\"mh-excerpt\">Retransmisi\u00f3n en directo de La Tomatina 2022 de Bu\u00f1ol realizada por tucomarca televisi\u00f3n desde el Ayuntamiento de la localidad este mi\u00e9rcoles, 31 de agosto, con las entrevistas a los protagonistas de la jornada festiva que <a class=\"mh-excerpt-more\" href=\"https:\/\/www.tucomarca.com\/wordpress\/segunda\/video-tucomarca-television-retransmite-en-directo-la-75-edicion-de-la-tomatina-que-bunol-recupera-este-2022-tras-la-pandemia\/\" title=\"V\u00eddeo: tucomarca televisi\u00f3n retransmite en directo la 75 edici\u00f3n de La Tomatina que Bu\u00f1ol recupera este 2022 tras la pandemia\">[+] <\/a><\/div>\n","protected":false},"author":1,"featured_media":166015,"comment_status":"open","ping_status":"open","sticky":false,"template":"","format":"video","meta":{"footnotes":""},"categories":[18,8,72,10,5,7,383,3,45,26],"tags":[16179,10385,5952,7689,12477,96],"class_list":{"0":"post-166012","1":"post","2":"type-post","3":"status-publish","4":"format-video","5":"has-post-thumbnail","7":"category-bunol","8":"category-la-comarca","9":"category-sin-categorizar","10":"category-la-hoya","11":"category-la-semana-en-imagenes","12":"category-ocio-y-cultura","13":"category-pueblos-en-fiestas","14":"category-seccion","15":"category-ventana","16":"category-video","17":"tag-16179","18":"tag-bunol","19":"tag-la-hoya-de-bunol-chiva","20":"tag-la-tomatina","21":"tag-la-tomatina-de-bunol","22":"tag-tomatina","23":"post_format-post-format-video"},"_links":{"self":[{"href":"https:\/\/www.tucomarca.com\/wordpress\/segunda\/wp-json\/wp\/v2\/posts\/166012","targetHints":{"allow":["GET"]}}],"collection":[{"href":"https:\/\/www.tucomarca.com\/wordpress\/segunda\/wp-json\/wp\/v2\/posts"}],"about":[{"href":"https:\/\/www.tucomarca.com\/wordpress\/segunda\/wp-json\/wp\/v2\/types\/post"}],"author":[{"embeddable":true,"href":"https:\/\/www.tucomarca.com\/wordpress\/segunda\/wp-json\/wp\/v2\/users\/1"}],"replies":[{"embeddable":true,"href":"https:\/\/www.tucomarca.com\/wordpress\/segunda\/wp-json\/wp\/v2\/comments?post=166012"}],"version-history":[{"count":0,"href":"https:\/\/www.tucomarca.com\/wordpress\/segunda\/wp-json\/wp\/v2\/posts\/166012\/revisions"}],"wp:featuredmedia":[{"embeddable":true,"href":"https:\/\/www.tucomarca.com\/wordpress\/segunda\/wp-json\/wp\/v2\/media\/166015"}],"wp:attachment":[{"href":"https:\/\/www.tucomarca.com\/wordpress\/segunda\/wp-json\/wp\/v2\/media?parent=166012"}],"wp:term":[{"taxonomy":"category","embeddable":true,"href":"https:\/\/www.tucomarca.com\/wordpress\/segunda\/wp-json\/wp\/v2\/categories?post=166012"},{"taxonomy":"post_tag","embeddable":true,"href":"https:\/\/www.tucomarca.com\/wordpress\/segunda\/wp-json\/wp\/v2\/tags?post=166012"}],"curies":[{"name":"wp","href":"https:\/\/api.w.org\/{rel}","templated":true}]}}