{"id":166025,"date":"2022-08-31T15:00:00","date_gmt":"2022-08-31T13:00:00","guid":{"rendered":"https:\/\/www.tucomarca.com\/wordpress\/segunda\/?p=166025"},"modified":"2022-09-14T14:02:54","modified_gmt":"2022-09-14T12:02:54","slug":"doce-vecinos-desalojados-y-una-mujer-herida-de-levedad-en-el-derrumbe-de-la-calle-moratin-de-bunol","status":"publish","type":"post","link":"https:\/\/www.tucomarca.com\/wordpress\/segunda\/doce-vecinos-desalojados-y-una-mujer-herida-de-levedad-en-el-derrumbe-de-la-calle-moratin-de-bunol\/","title":{"rendered":"Doce vecinos desalojados y una mujer herida de levedad en el derrumbe de la calle Morat\u00edn de Bu\u00f1ol"},"content":{"rendered":"\n<p>Doce vecinos de seis viviendas han tenido que ser desalojados esta madrugada a consecuencia del derrumbe del muro de la calle Morat\u00edn de Bu\u00f1ol, ubicada en el casco antiguo y cerca del castillo de la localidad; y una de ellas ha resultado herida de levedad al caerse en uno de los agujeros que ha dejado el muro al derrumbarse.<\/p>\n\n\n\n<p>El siniestro ha tenido lugar pasadas las cuatro de la ma\u00f1ana, cuando el muro se ha derrumbado muy probablemente debido a las intensas lluvias sufridas durante los \u00faltimos d\u00edas. <\/p>\n\n\n\n<p>R\u00e1pidamente se han desplazado hasta el lugar de los hechos varias unidades de Polic\u00eda Local, Guardia Civil y bomberos que han ayudado y atendido a las familias durante su desalojo.<\/p>\n\n\n\n<p>   <\/p>\n\n\n\n<figure class=\"wp-block-image size-large\"><img loading=\"lazy\" decoding=\"async\" width=\"768\" height=\"1024\" src=\"https:\/\/www.tucomarca.com\/wordpress\/segunda\/wp-content\/uploads\/2022\/08\/DerrumbeBunol2-768x1024.jpg\" alt=\"\" class=\"wp-image-166028\" srcset=\"https:\/\/www.tucomarca.com\/wordpress\/segunda\/wp-content\/uploads\/2022\/08\/DerrumbeBunol2-768x1024.jpg 768w, https:\/\/www.tucomarca.com\/wordpress\/segunda\/wp-content\/uploads\/2022\/08\/DerrumbeBunol2-225x300.jpg 225w, https:\/\/www.tucomarca.com\/wordpress\/segunda\/wp-content\/uploads\/2022\/08\/DerrumbeBunol2-1152x1536.jpg 1152w, https:\/\/www.tucomarca.com\/wordpress\/segunda\/wp-content\/uploads\/2022\/08\/DerrumbeBunol2.jpg 1536w\" sizes=\"auto, (max-width: 768px) 100vw, 768px\" \/><\/figure>\n","protected":false},"excerpt":{"rendered":"<div class=\"mh-excerpt\">Doce vecinos de seis viviendas han tenido que ser desalojados esta madrugada a consecuencia del derrumbe del muro de la calle Morat\u00edn de Bu\u00f1ol, ubicada en el casco antiguo y cerca del castillo de la <a class=\"mh-excerpt-more\" href=\"https:\/\/www.tucomarca.com\/wordpress\/segunda\/doce-vecinos-desalojados-y-una-mujer-herida-de-levedad-en-el-derrumbe-de-la-calle-moratin-de-bunol\/\" title=\"Doce vecinos desalojados y una mujer herida de levedad en el derrumbe de la calle Morat\u00edn de Bu\u00f1ol\">[+] <\/a><\/div>\n","protected":false},"author":1,"featured_media":166026,"comment_status":"open","ping_status":"open","sticky":false,"template":"","format":"gallery","meta":{"footnotes":""},"categories":[18,128,8,72,10,3,116,45],"tags":[10385,5952,33],"class_list":{"0":"post-166025","1":"post","2":"type-post","3":"status-publish","4":"format-gallery","5":"has-post-thumbnail","7":"category-bunol","8":"category-infraestructuras","9":"category-la-comarca","10":"category-sin-categorizar","11":"category-la-hoya","12":"category-seccion","13":"category-sucesos-la-comarca","14":"category-ventana","15":"tag-bunol","16":"tag-la-hoya-de-bunol-chiva","17":"tag-sucesos","18":"post_format-post-format-gallery"},"_links":{"self":[{"href":"https:\/\/www.tucomarca.com\/wordpress\/segunda\/wp-json\/wp\/v2\/posts\/166025","targetHints":{"allow":["GET"]}}],"collection":[{"href":"https:\/\/www.tucomarca.com\/wordpress\/segunda\/wp-json\/wp\/v2\/posts"}],"about":[{"href":"https:\/\/www.tucomarca.com\/wordpress\/segunda\/wp-json\/wp\/v2\/types\/post"}],"author":[{"embeddable":true,"href":"https:\/\/www.tucomarca.com\/wordpress\/segunda\/wp-json\/wp\/v2\/users\/1"}],"replies":[{"embeddable":true,"href":"https:\/\/www.tucomarca.com\/wordpress\/segunda\/wp-json\/wp\/v2\/comments?post=166025"}],"version-history":[{"count":0,"href":"https:\/\/www.tucomarca.com\/wordpress\/segunda\/wp-json\/wp\/v2\/posts\/166025\/revisions"}],"wp:featuredmedia":[{"embeddable":true,"href":"https:\/\/www.tucomarca.com\/wordpress\/segunda\/wp-json\/wp\/v2\/media\/166026"}],"wp:attachment":[{"href":"https:\/\/www.tucomarca.com\/wordpress\/segunda\/wp-json\/wp\/v2\/media?parent=166025"}],"wp:term":[{"taxonomy":"category","embeddable":true,"href":"https:\/\/www.tucomarca.com\/wordpress\/segunda\/wp-json\/wp\/v2\/categories?post=166025"},{"taxonomy":"post_tag","embeddable":true,"href":"https:\/\/www.tucomarca.com\/wordpress\/segunda\/wp-json\/wp\/v2\/tags?post=166025"}],"curies":[{"name":"wp","href":"https:\/\/api.w.org\/{rel}","templated":true}]}}