{"id":166045,"date":"2022-08-31T09:00:00","date_gmt":"2022-08-31T07:00:00","guid":{"rendered":"https:\/\/www.tucomarca.com\/wordpress\/segunda\/?p=166045"},"modified":"2022-09-14T14:13:52","modified_gmt":"2022-09-14T12:13:52","slug":"un-fuerte-vendaval-dana-la-fuente-del-vino-de-requena-alegorica-a-la-vendimia","status":"publish","type":"post","link":"https:\/\/www.tucomarca.com\/wordpress\/segunda\/un-fuerte-vendaval-dana-la-fuente-del-vino-de-requena-alegorica-a-la-vendimia\/","title":{"rendered":"Un fuerte vendaval da\u00f1a la Fuente del Vino de Requena, aleg\u00f3rica a la vendimia"},"content":{"rendered":"\n<p>El fuerte vendaval que se abati\u00f3 sobre Requena, en torno a las 20 horas del martes, da\u00f1\u00f3&nbsp; la Fuente del Vino, aleg\u00f3rica a la Vendimia. Ayer los artistas que la construyeron estaban restaurando los desperfectos.<\/p>\n\n\n\n<p>Hasta que finalice la LXXIII Fiesta de la Vendimia, por el Monumento Universal a la Vendimia y por los monumentos de cart\u00f3n-piedra manar\u00e1 vino fresco que ser\u00e1 ofrecido para su degustaci\u00f3n gratuita a la temperatura \u00f3ptima de consumo.<\/p>\n\n\n\n<figure class=\"wp-block-image size-full\"><img loading=\"lazy\" decoding=\"async\" width=\"591\" height=\"578\" src=\"https:\/\/www.tucomarca.com\/wordpress\/segunda\/wp-content\/uploads\/2022\/09\/RequenaFuentedelVino02.jpg\" alt=\"\" class=\"wp-image-166052\" srcset=\"https:\/\/www.tucomarca.com\/wordpress\/segunda\/wp-content\/uploads\/2022\/09\/RequenaFuentedelVino02.jpg 591w, https:\/\/www.tucomarca.com\/wordpress\/segunda\/wp-content\/uploads\/2022\/09\/RequenaFuentedelVino02-300x293.jpg 300w\" sizes=\"auto, (max-width: 591px) 100vw, 591px\" \/><\/figure>\n\n\n\n<p>En una foto&nbsp; se observa el da\u00f1o causado por el viento a la Fuente del Vino y en la otra, los trabajos de restauraci\u00f3n. Informa, <strong>Luis Ib\u00e1\u00f1ez<\/strong>.<\/p>\n","protected":false},"excerpt":{"rendered":"<div class=\"mh-excerpt\">El fuerte vendaval que se abati\u00f3 sobre Requena, en torno a las 20 horas del martes, da\u00f1\u00f3&nbsp; la Fuente del Vino, aleg\u00f3rica a la Vendimia. Ayer los artistas que la construyeron estaban restaurando los desperfectos. <a class=\"mh-excerpt-more\" href=\"https:\/\/www.tucomarca.com\/wordpress\/segunda\/un-fuerte-vendaval-dana-la-fuente-del-vino-de-requena-alegorica-a-la-vendimia\/\" title=\"Un fuerte vendaval da\u00f1a la Fuente del Vino de Requena, aleg\u00f3rica a la vendimia\">[+] <\/a><\/div>\n","protected":false},"author":12,"featured_media":166054,"comment_status":"open","ping_status":"open","sticky":false,"template":"","format":"standard","meta":{"footnotes":""},"categories":[113,128,8,72,5,7,383,28,27,3,116],"tags":[10388,10387],"class_list":{"0":"post-166045","1":"post","2":"type-post","3":"status-publish","4":"format-standard","5":"has-post-thumbnail","7":"category-vinos","8":"category-infraestructuras","9":"category-la-comarca","10":"category-sin-categorizar","11":"category-la-semana-en-imagenes","12":"category-ocio-y-cultura","13":"category-pueblos-en-fiestas","14":"category-requena","15":"category-requena-utiel","16":"category-seccion","17":"category-sucesos-la-comarca","18":"tag-requena","19":"tag-requena-utiel"},"_links":{"self":[{"href":"https:\/\/www.tucomarca.com\/wordpress\/segunda\/wp-json\/wp\/v2\/posts\/166045","targetHints":{"allow":["GET"]}}],"collection":[{"href":"https:\/\/www.tucomarca.com\/wordpress\/segunda\/wp-json\/wp\/v2\/posts"}],"about":[{"href":"https:\/\/www.tucomarca.com\/wordpress\/segunda\/wp-json\/wp\/v2\/types\/post"}],"author":[{"embeddable":true,"href":"https:\/\/www.tucomarca.com\/wordpress\/segunda\/wp-json\/wp\/v2\/users\/12"}],"replies":[{"embeddable":true,"href":"https:\/\/www.tucomarca.com\/wordpress\/segunda\/wp-json\/wp\/v2\/comments?post=166045"}],"version-history":[{"count":0,"href":"https:\/\/www.tucomarca.com\/wordpress\/segunda\/wp-json\/wp\/v2\/posts\/166045\/revisions"}],"wp:featuredmedia":[{"embeddable":true,"href":"https:\/\/www.tucomarca.com\/wordpress\/segunda\/wp-json\/wp\/v2\/media\/166054"}],"wp:attachment":[{"href":"https:\/\/www.tucomarca.com\/wordpress\/segunda\/wp-json\/wp\/v2\/media?parent=166045"}],"wp:term":[{"taxonomy":"category","embeddable":true,"href":"https:\/\/www.tucomarca.com\/wordpress\/segunda\/wp-json\/wp\/v2\/categories?post=166045"},{"taxonomy":"post_tag","embeddable":true,"href":"https:\/\/www.tucomarca.com\/wordpress\/segunda\/wp-json\/wp\/v2\/tags?post=166045"}],"curies":[{"name":"wp","href":"https:\/\/api.w.org\/{rel}","templated":true}]}}