{"id":166060,"date":"2022-08-30T09:30:00","date_gmt":"2022-08-30T07:30:00","guid":{"rendered":"https:\/\/www.tucomarca.com\/wordpress\/segunda\/?p=166060"},"modified":"2022-09-01T19:18:00","modified_gmt":"2022-09-01T17:18:00","slug":"riba-roja-pone-en-marcha-un-programa-de-atencion-a-ninos-y-ninas-de-0-a-3-anos-en-situacion-de-riesgo-de-diversidad-funcional-discapacidad-dependencia-vulnerabilidad-o-discriminacion","status":"publish","type":"post","link":"https:\/\/www.tucomarca.com\/wordpress\/segunda\/riba-roja-pone-en-marcha-un-programa-de-atencion-a-ninos-y-ninas-de-0-a-3-anos-en-situacion-de-riesgo-de-diversidad-funcional-discapacidad-dependencia-vulnerabilidad-o-discriminacion\/","title":{"rendered":"Riba-roja pone en marcha un programa de atenci\u00f3n a ni\u00f1os y ni\u00f1as de 0 a 3 a\u00f1os en situaci\u00f3n de riesgo de diversidad funcional, discapacidad, dependencia, vulnerabilidad o discriminaci\u00f3n\u00a0"},"content":{"rendered":"\n<p><strong>El \u00e1rea de Pol\u00edticas Inclusivas, Derechos Sociales y Mayores de la localidad implanta el programa de Atenci\u00f3n al Desarrollo Infantil (ADI) en las fases de prevenci\u00f3n y en intervenci\u00f3n de problemas&nbsp;<\/strong><\/p>\n\n\n\n<p>El Ayuntamiento de Riba-roja de T\u00faria pondr\u00e1 en marcha desde el pr\u00f3ximo 1 de septiembre el programa de Atenci\u00f3n al Desarrollo Infantil (ADI) cuyo objetivo es la prevenci\u00f3n, diagn\u00f3stico e intervenci\u00f3n en la poblaci\u00f3n infantil, de 0 a 3 a\u00f1os. Las actuaciones se centran no solo en los ni\u00f1os y las ni\u00f1as sino tambi\u00e9n en las familias y en sus entornos en las situaciones de riesgo de diversidad funcional o discapacidad, dependencia, vulnerabilidad o discriminaci\u00f3n.&nbsp;<\/p>\n\n\n\n<p>Esta iniciativa municipal se pondr\u00e1 en marcha a trav\u00e9s del \u00e1rea de Pol\u00edticas Inclusivas, Derechos Sociales y Mayores de Riba-roja de T\u00faria y cuenta con una subvenci\u00f3n econ\u00f3mica por parte de la Conselleria de Igualdad y Pol\u00edticas Inclusivas. Su g\u00e9nesis se enmarca en la atenci\u00f3n primaria b\u00e1sica de Servicios Sociales con la funci\u00f3n principal de actuar en los ni\u00f1os y ni\u00f1as de 0 a 3 a\u00f1os y, principalmente, en sus familias y sus entornos para evitar situaciones de riesgo. &nbsp;<\/p>\n\n\n\n<p>Desde el Ayuntamiento de Riba-roja de T\u00faria se considera esencial una intervenci\u00f3n desde el \u00e1mbito municipal para crear una relaci\u00f3n m\u00e1s estrecha con las familias y con los \u00e1mbitos de actuaci\u00f3n m\u00e1s cercanos de los ni\u00f1os y ni\u00f1as afectados, como los Servicios Sociales, Sanidad y Educaci\u00f3n, entre otros. Por ello, se trata de un servicio de car\u00e1cter comunitario con el af\u00e1n de configurar entornos favorables al desarrollo de los ni\u00f1os y las ni\u00f1as.&nbsp;<\/p>\n\n\n\n<p>Entre los objetivos que se plantean en este nuevo programa cabe destacar las acciones preventivas y de promoci\u00f3n encaminadas a los ni\u00f1os y ni\u00f1as con riesgo de sufrir una alteraci\u00f3n en su desarrollo y en sus familias para optimizar y potenciar sus capacidades y habilidades parentales que faciliten su maduraci\u00f3n en todos los \u00e1mbitos posibles y, al mismo tiempo, conseguir el m\u00e1ximo nivel en el desarrollo persona y en la inclusi\u00f3n social.&nbsp;<\/p>\n\n\n\n<p>Otro de los prop\u00f3sitos del programa municipal es proporcionar recursos y apoyos que ayuden a generar entornos beneficiosos para el desarrollo de los ni\u00f1os y ni\u00f1as desde edades tempranas, adem\u00e1s de prevenir posibles problemas que puedan surgir en el periodo de la crianza. La ampliaci\u00f3n de la detecci\u00f3n temprana de ni\u00f1os y ni\u00f1as que puedan presentar alguna dificultad o que presenten factores de riesgo que puedan interferir en su desarrollo es otro de los objetivos del plan. Para ello, es necesaria, tambi\u00e9n, la valoraci\u00f3n diagn\u00f3stica y el seguimiento del desarrollo y la orientaci\u00f3n psicopedag\u00f3gica de aquellos ni\u00f1os que presenten alguna dificultad o factores de riesgo.&nbsp;<\/p>\n\n\n\n<p>Prevenir y atender las situaciones de riesgo que se producen en el marco de la familia o unidad de convivencia que faciliten la adecuada maduraci\u00f3n del ni\u00f1o y la ni\u00f1a en todos los \u00e1mbitos y que les permita, al mismo tiempo, conseguir el m\u00e1ximo nivel de desarrollo personal y de inclusi\u00f3n social. Para realizar estas funciones, el servicio contar\u00e1 con un equipo multidisciplinar compuesto por una psic\u00f3loga y una persona terapeuta ocupacional. El horario de atenci\u00f3n al p\u00fablico ser\u00e1 lunes, mi\u00e9rcoles y viernes, de 9 a 13:30 horas, con cita previa, en el Centro Municipal \u201cLa Botaia\u201d.&nbsp;<\/p>\n\n\n\n<p>Las actividades que se llevar\u00e1n a cabo en este servicio tendr\u00e1n un car\u00e1cter preventivo y educativo, dirigidas a familias donde se resuelven todo tipo de dudas de car\u00e1cter psicopedag\u00f3gico, con la pretensi\u00f3n de dotar de recursos a los adultos del entorno de los ni\u00f1os y ni\u00f1as de forma que ayuden a interactuar con ellos de forma que mejore su desarrollo. As\u00ed, los familiares se sienten acompa\u00f1ados profesionalmente y se previenen muchas dificultades encontradas durante su crianza.&nbsp;<\/p>\n\n\n\n<p>Entre los medios que se utilizan en este programa municipal de Riba-roja de T\u00faria cabe destacar algunas herramientas como las charlas, las tertulias, los talleres y otro tipo de actividades de formaci\u00f3n dirigidas a padres\/madres y profesionales. De esta forma, se facilita la adquisici\u00f3n y mantenimiento de las habilidades perceptivas, motrices, cognitivas, afectivas, ling\u00fc\u00edsticas y sociales que posibilitan su interacci\u00f3n con el mundo circundante. Tambi\u00e9n se pretenden completar con iniciativas e intervenci\u00f3n en el entorno donde vive la familia para conseguir una mejor calidad de vida.&nbsp;<\/p>\n\n\n\n<p>El alcalde de Riba-roja de T\u00faria, Robert Raga, ha subrayado la necesidad de \u201cponer en marcha este tipo de programa por iniciativa del departamento de Servicios Sociales ya que se trata de una atenci\u00f3n dirigida especialmente hacia los ni\u00f1os y ni\u00f1as de 0 a 3 a\u00f1os, con planes de intervenci\u00f3n para prevenir diversas situaciones de riesgo al mismo tiempo que se ponen en marcha mecanismos para actuar cuando se presentan diversos problemas en esas mismas personas y sus familias; por ello, desde el equipo de gobierno apostamos por anteponer el bienestar de las personas en nuestra sociedad\u201d. &nbsp;<\/p>\n","protected":false},"excerpt":{"rendered":"<div class=\"mh-excerpt\">El \u00e1rea de Pol\u00edticas Inclusivas, Derechos Sociales y Mayores de la localidad implanta el programa de Atenci\u00f3n al Desarrollo Infantil (ADI) en las fases de prevenci\u00f3n y en intervenci\u00f3n de problemas&nbsp; El Ayuntamiento de Riba-roja <a class=\"mh-excerpt-more\" href=\"https:\/\/www.tucomarca.com\/wordpress\/segunda\/riba-roja-pone-en-marcha-un-programa-de-atencion-a-ninos-y-ninas-de-0-a-3-anos-en-situacion-de-riesgo-de-diversidad-funcional-discapacidad-dependencia-vulnerabilidad-o-discriminacion\/\" title=\"Riba-roja pone en marcha un programa de atenci\u00f3n a ni\u00f1os y ni\u00f1as de 0 a 3 a\u00f1os en situaci\u00f3n de riesgo de diversidad funcional, discapacidad, dependencia, vulnerabilidad o discriminaci\u00f3n\u00a0\">[+] <\/a><\/div>\n","protected":false},"author":13,"featured_media":166154,"comment_status":"open","ping_status":"open","sticky":false,"template":"","format":"standard","meta":{"footnotes":""},"categories":[46,128,8,72,142,182,3],"tags":[10395,1939,1504],"class_list":{"0":"post-166060","1":"post","2":"type-post","3":"status-publish","4":"format-standard","5":"has-post-thumbnail","7":"category-camp-de-turia","8":"category-infraestructuras","9":"category-la-comarca","10":"category-sin-categorizar","11":"category-politica-la-comarca","12":"category-riba-roja","13":"category-seccion","14":"tag-camp-de-turia","15":"tag-integracion","16":"tag-riba-roja-2"},"_links":{"self":[{"href":"https:\/\/www.tucomarca.com\/wordpress\/segunda\/wp-json\/wp\/v2\/posts\/166060","targetHints":{"allow":["GET"]}}],"collection":[{"href":"https:\/\/www.tucomarca.com\/wordpress\/segunda\/wp-json\/wp\/v2\/posts"}],"about":[{"href":"https:\/\/www.tucomarca.com\/wordpress\/segunda\/wp-json\/wp\/v2\/types\/post"}],"author":[{"embeddable":true,"href":"https:\/\/www.tucomarca.com\/wordpress\/segunda\/wp-json\/wp\/v2\/users\/13"}],"replies":[{"embeddable":true,"href":"https:\/\/www.tucomarca.com\/wordpress\/segunda\/wp-json\/wp\/v2\/comments?post=166060"}],"version-history":[{"count":0,"href":"https:\/\/www.tucomarca.com\/wordpress\/segunda\/wp-json\/wp\/v2\/posts\/166060\/revisions"}],"wp:featuredmedia":[{"embeddable":true,"href":"https:\/\/www.tucomarca.com\/wordpress\/segunda\/wp-json\/wp\/v2\/media\/166154"}],"wp:attachment":[{"href":"https:\/\/www.tucomarca.com\/wordpress\/segunda\/wp-json\/wp\/v2\/media?parent=166060"}],"wp:term":[{"taxonomy":"category","embeddable":true,"href":"https:\/\/www.tucomarca.com\/wordpress\/segunda\/wp-json\/wp\/v2\/categories?post=166060"},{"taxonomy":"post_tag","embeddable":true,"href":"https:\/\/www.tucomarca.com\/wordpress\/segunda\/wp-json\/wp\/v2\/tags?post=166060"}],"curies":[{"name":"wp","href":"https:\/\/api.w.org\/{rel}","templated":true}]}}