{"id":166177,"date":"2022-09-01T10:00:00","date_gmt":"2022-09-01T08:00:00","guid":{"rendered":"https:\/\/www.tucomarca.com\/wordpress\/segunda\/?p=166177"},"modified":"2022-09-14T13:52:50","modified_gmt":"2022-09-14T11:52:50","slug":"valencia-turisme-redisena-mejora-y-optimiza-su-pagina-web","status":"publish","type":"post","link":"https:\/\/www.tucomarca.com\/wordpress\/segunda\/valencia-turisme-redisena-mejora-y-optimiza-su-pagina-web\/","title":{"rendered":"Val\u00e8ncia Turisme redise\u00f1a, mejora y optimiza su p\u00e1gina web\u00a0"},"content":{"rendered":"\n<p><strong>La marca de la Diputaci\u00f3 ofrece un acceso a la informaci\u00f3n tur\u00edstica de la provincia m\u00e1s sencillo, funcional y accesible, tanto a usuarios particulares como a profesionales y empresas&nbsp;<\/strong><\/p>\n\n\n\n<p>La Diputaci\u00f3 de Val\u00e8ncia ha redise\u00f1ado y optimizado la p\u00e1gina web de su marca tur\u00edstica, Val\u00e8ncia Turisme, para hacerla m\u00e1s atractiva, funcional, intuitiva y accesible para todas aquellas personas&nbsp; que quieran consultarla en <a href=\"http:\/\/www.valenciaturisme.org\">www.valenciaturisme.org<\/a>, adem\u00e1s de contar con una parte dedicada a profesionales y empresas.&nbsp;<\/p>\n\n\n\n<p>La web, que se presenta en valenciano, espa\u00f1ol e ingl\u00e9s, se ha renovado con el fin de facilitar la navegaci\u00f3n al usuario que desee encontrar informaci\u00f3n tur\u00edstica de la provincia de Val\u00e8ncia para planificar sus visitas a este territorio, adem\u00e1s de acceder a los datos de forma m\u00e1s sencilla y pr\u00e1ctica que hasta ahora. Para ello dispone de una estructura clara e intuitiva con una barra de b\u00fasqueda, men\u00fas desplegables y filtros en diversos apartados.<\/p>\n\n\n\n<p>El usuario puede encontrar en la p\u00e1gina oficial una completa y actualizada informaci\u00f3n tur\u00edstica de la provincia de Val\u00e8ncia, entre la que destaca la relacionada con los diferentes destinos de costa e interior. Tambi\u00e9n, las experiencias ofertadas en todo el territorio seg\u00fan el tipo de turismo deseado: activo, cultural y gastron\u00f3mico. Adem\u00e1s, dispone de una agenda con los principales eventos a celebrar en la provincia, la actualidad tur\u00edstica del territorio en forma de noticias y blog, y enlaces a las p\u00e1ginas web derivadas de Val\u00e8ncia Turisme: <em>Del Tros al Plat<\/em>, <em>Film Valencia<\/em> y <em>Tarjeta Val\u00e8ncia ON.<\/em><\/p>\n\n\n\n<p>En la parte superior del sitio web se encuentra el acceso directo a las redes sociales de Val\u00e8ncia Turisme e informaci\u00f3n variada en distintos apartados, como destinos por comarcas y publicaciones de la marca tur\u00edstica, entre otros. As\u00ed, la web permite planificar al usuario todos los aspectos relacionados con su experiencia tur\u00edstica en la provincia, para lo que le ser\u00e1n muy \u00fatiles tambi\u00e9n apartados como \u2018D\u00f3nde comer\u2019, \u2018D\u00f3nde dormir\u2019, \u2018C\u00f3mo llegar\u2019, \u2018Parques Naturales\u2019, \u2018Playas\u2019, \u2018Campos de Golf\u2019, \u2018Rutas\u2019, \u2018Balnearios\u2019 y \u2018Fiestas\u2019.<\/p>\n\n\n\n<p>El site de Val\u00e8ncia Turisme se ha adaptado tambi\u00e9n a los dispositivos m\u00f3viles con funciones espec\u00edficas, lo que previsiblemente mejorar\u00e1 el tr\u00e1fico de la p\u00e1gina puesto que estos dispositivos se utilizan cada vez m\u00e1s en todos los destinos tur\u00edsticos por parte de los turistas.<\/p>\n","protected":false},"excerpt":{"rendered":"<div class=\"mh-excerpt\">La marca de la Diputaci\u00f3 ofrece un acceso a la informaci\u00f3n tur\u00edstica de la provincia m\u00e1s sencillo, funcional y accesible, tanto a usuarios particulares como a profesionales y empresas&nbsp; La Diputaci\u00f3 de Val\u00e8ncia ha redise\u00f1ado <a class=\"mh-excerpt-more\" href=\"https:\/\/www.tucomarca.com\/wordpress\/segunda\/valencia-turisme-redisena-mejora-y-optimiza-su-pagina-web\/\" title=\"Val\u00e8ncia Turisme redise\u00f1a, mejora y optimiza su p\u00e1gina web\u00a0\">[+] <\/a><\/div>\n","protected":false},"author":13,"featured_media":166178,"comment_status":"open","ping_status":"open","sticky":false,"template":"","format":"standard","meta":{"footnotes":""},"categories":[128,8,72,142,3,45],"tags":[17486,9841],"class_list":{"0":"post-166177","1":"post","2":"type-post","3":"status-publish","4":"format-standard","5":"has-post-thumbnail","7":"category-infraestructuras","8":"category-la-comarca","9":"category-sin-categorizar","10":"category-politica-la-comarca","11":"category-seccion","12":"category-ventana","13":"tag-la-diputacion","14":"tag-valencia-turisme"},"_links":{"self":[{"href":"https:\/\/www.tucomarca.com\/wordpress\/segunda\/wp-json\/wp\/v2\/posts\/166177","targetHints":{"allow":["GET"]}}],"collection":[{"href":"https:\/\/www.tucomarca.com\/wordpress\/segunda\/wp-json\/wp\/v2\/posts"}],"about":[{"href":"https:\/\/www.tucomarca.com\/wordpress\/segunda\/wp-json\/wp\/v2\/types\/post"}],"author":[{"embeddable":true,"href":"https:\/\/www.tucomarca.com\/wordpress\/segunda\/wp-json\/wp\/v2\/users\/13"}],"replies":[{"embeddable":true,"href":"https:\/\/www.tucomarca.com\/wordpress\/segunda\/wp-json\/wp\/v2\/comments?post=166177"}],"version-history":[{"count":0,"href":"https:\/\/www.tucomarca.com\/wordpress\/segunda\/wp-json\/wp\/v2\/posts\/166177\/revisions"}],"wp:featuredmedia":[{"embeddable":true,"href":"https:\/\/www.tucomarca.com\/wordpress\/segunda\/wp-json\/wp\/v2\/media\/166178"}],"wp:attachment":[{"href":"https:\/\/www.tucomarca.com\/wordpress\/segunda\/wp-json\/wp\/v2\/media?parent=166177"}],"wp:term":[{"taxonomy":"category","embeddable":true,"href":"https:\/\/www.tucomarca.com\/wordpress\/segunda\/wp-json\/wp\/v2\/categories?post=166177"},{"taxonomy":"post_tag","embeddable":true,"href":"https:\/\/www.tucomarca.com\/wordpress\/segunda\/wp-json\/wp\/v2\/tags?post=166177"}],"curies":[{"name":"wp","href":"https:\/\/api.w.org\/{rel}","templated":true}]}}