{"id":16626,"date":"2013-07-22T13:30:18","date_gmt":"2013-07-22T10:30:18","guid":{"rendered":"http:\/\/www.tucomarca.com\/wordpress\/segunda\/?p=16626"},"modified":"2013-07-22T13:30:26","modified_gmt":"2013-07-22T10:30:26","slug":"finaliza-la-xxvii-semana-deportiva-de-la-pobla-con-una-participacion-de-mas-de-3700-personas","status":"publish","type":"post","link":"https:\/\/www.tucomarca.com\/wordpress\/segunda\/finaliza-la-xxvii-semana-deportiva-de-la-pobla-con-una-participacion-de-mas-de-3700-personas\/","title":{"rendered":"Finaliza la XXVII Semana Deportiva de La Pobla con una participaci\u00f3n de m\u00e1s de 3700 personas"},"content":{"rendered":"<p><figure id=\"attachment_16627\" aria-describedby=\"caption-attachment-16627\" style=\"width: 300px\" class=\"wp-caption alignleft\"><a href=\"https:\/\/www.tucomarca.com\/wordpress\/segunda\/?attachment_id=16627\" rel=\"attachment wp-att-16627\"><img loading=\"lazy\" decoding=\"async\" src=\"https:\/\/www.tucomarca.com\/wordpress\/segunda\/wp-content\/uploads\/2013\/07\/DSC_0129-300x199.jpg\" alt=\"\" title=\"DSC_0129\" width=\"300\" height=\"199\" class=\"size-medium wp-image-16627\" srcset=\"https:\/\/www.tucomarca.com\/wordpress\/segunda\/wp-content\/uploads\/2013\/07\/DSC_0129-300x199.jpg 300w, https:\/\/www.tucomarca.com\/wordpress\/segunda\/wp-content\/uploads\/2013\/07\/DSC_0129-1024x680.jpg 1024w\" sizes=\"auto, (max-width: 300px) 100vw, 300px\" \/><\/a><figcaption id=\"caption-attachment-16627\" class=\"wp-caption-text\">La cita deportiva ha sido todo un \u00e9xito. tc.c<\/figcaption><\/figure>La XXVII edici\u00f3n de la Semana Deportiva de la Pobla de Vallbona ha llegado a su fin. A lo largo de 23 d\u00edas se ha desarrollado un aut\u00e9ntico festival de actividades deportivas con el fin principal de promover el deporte recreativo en la localidad. <\/p>\n<p>Este a\u00f1o se han ofrecido hasta 27 actividades deportivas, como f\u00fatbol, tenis, frontenis, p\u00e1del, k\u00e1rate, gimnasia r\u00edtmica, Silvestrismo, Tiro y arrastre, escalera i corda, tiro, automodelismo, tenis de mesa, patinaje art\u00edstico o baile deportivo, entre otros muchos.<\/p>\n<p>En esta edici\u00f3n hay que destacar el \u00e9xito organizativo que supone la coordinaci\u00f3n de 25 entidades que han colaborado con la concejal\u00eda de Deportes en la organizaci\u00f3n de las diferentes actividades y acontecimientos deportivos que se han celebrado.<\/p>\n<p>Seg\u00fan datos de la concejal\u00eda, un total de 3.707 personas han  participado en algunas de las actividades celebradas en esta semana deportiva. Entre las competiciones regulares de mayor participaci\u00f3n, hay que destacar la competici\u00f3n de pelota valenciana (escala i corda) donde han participado 20 equipos. Los deportes de raqueta (tenis, frontenis, tenis de mesa y p\u00e1del) contin\u00faan teniendo una gran aceptaci\u00f3n, ya que cerca de 300 personas de diferentes edades han participado en estas competiciones.<\/p>\n<p>Entre los acontecimientos populares de mayor participaci\u00f3n hay que resaltar, como en otras ediciones; la IX Matinal Motera, en la que participaron cerca de 900 personas, la Trobada d\u2019Escoles de Ball, con cerca de 300 personas, y la 27 Volta a Peu, en la que corrieron cerca de 900 personas (entre ni\u00f1os y adultos). Resaltar la recuperaci\u00f3n de la carrera ciclista federada cadete con recorrido por el casco urbano donde participaron 110 ciclistas de toda la Comunidad Valenciana.<\/p>\n<p>La alcaldesa de la Pobla de Vallbona, Mari Carmen Contelles, ha declarado \u201cun a\u00f1o m\u00e1s, la Semana Deportiva ha servido de punto de reuni\u00f3n de nuestros vecinos. Desde el Ayuntamiento queremos agradecer a todas las entidades su colaboraci\u00f3n e implicaci\u00f3n. Este a\u00f1o hemos cumplido la vig\u00e9simo s\u00e9ptima edici\u00f3n  y comenzamos a preparar la pr\u00f3xima confiando en repetir la gran aceptaci\u00f3n y atendiendo las sugerencias de mejora de las entidades y nuestros vecinos.\u201d<\/p>\n","protected":false},"excerpt":{"rendered":"<div class=\"mh-excerpt\">La XXVII edici\u00f3n de la Semana Deportiva de la Pobla de Vallbona ha llegado a su fin. A lo largo de 23 d\u00edas se ha desarrollado un aut\u00e9ntico festival de actividades deportivas con el fin <a class=\"mh-excerpt-more\" href=\"https:\/\/www.tucomarca.com\/wordpress\/segunda\/finaliza-la-xxvii-semana-deportiva-de-la-pobla-con-una-participacion-de-mas-de-3700-personas\/\" title=\"Finaliza la XXVII Semana Deportiva de La Pobla con una participaci\u00f3n de m\u00e1s de 3700 personas\">[+] <\/a><\/div>\n","protected":false},"author":2,"featured_media":16627,"comment_status":"open","ping_status":"open","sticky":false,"template":"","format":"standard","meta":{"footnotes":""},"categories":[4,46,6,174,3,45],"tags":[1488,10430,1487],"class_list":{"0":"post-16626","1":"post","2":"type-post","3":"status-publish","4":"format-standard","5":"has-post-thumbnail","7":"category-agenda","8":"category-camp-de-turia","9":"category-deportes","10":"category-la-pobla","11":"category-seccion","12":"category-ventana","13":"tag-asistencia","14":"tag-la-pobla","15":"tag-semana-del-deporte"},"_links":{"self":[{"href":"https:\/\/www.tucomarca.com\/wordpress\/segunda\/wp-json\/wp\/v2\/posts\/16626","targetHints":{"allow":["GET"]}}],"collection":[{"href":"https:\/\/www.tucomarca.com\/wordpress\/segunda\/wp-json\/wp\/v2\/posts"}],"about":[{"href":"https:\/\/www.tucomarca.com\/wordpress\/segunda\/wp-json\/wp\/v2\/types\/post"}],"author":[{"embeddable":true,"href":"https:\/\/www.tucomarca.com\/wordpress\/segunda\/wp-json\/wp\/v2\/users\/2"}],"replies":[{"embeddable":true,"href":"https:\/\/www.tucomarca.com\/wordpress\/segunda\/wp-json\/wp\/v2\/comments?post=16626"}],"version-history":[{"count":0,"href":"https:\/\/www.tucomarca.com\/wordpress\/segunda\/wp-json\/wp\/v2\/posts\/16626\/revisions"}],"wp:featuredmedia":[{"embeddable":true,"href":"https:\/\/www.tucomarca.com\/wordpress\/segunda\/wp-json\/wp\/v2\/media\/16627"}],"wp:attachment":[{"href":"https:\/\/www.tucomarca.com\/wordpress\/segunda\/wp-json\/wp\/v2\/media?parent=16626"}],"wp:term":[{"taxonomy":"category","embeddable":true,"href":"https:\/\/www.tucomarca.com\/wordpress\/segunda\/wp-json\/wp\/v2\/categories?post=16626"},{"taxonomy":"post_tag","embeddable":true,"href":"https:\/\/www.tucomarca.com\/wordpress\/segunda\/wp-json\/wp\/v2\/tags?post=16626"}],"curies":[{"name":"wp","href":"https:\/\/api.w.org\/{rel}","templated":true}]}}