{"id":16631,"date":"2013-07-22T13:39:08","date_gmt":"2013-07-22T10:39:08","guid":{"rendered":"http:\/\/www.tucomarca.com\/wordpress\/segunda\/?p=16631"},"modified":"2013-07-22T13:39:18","modified_gmt":"2013-07-22T10:39:18","slug":"campana-de-adecuacion-de-pasos-de-peatones-en-requena","status":"publish","type":"post","link":"https:\/\/www.tucomarca.com\/wordpress\/segunda\/campana-de-adecuacion-de-pasos-de-peatones-en-requena\/","title":{"rendered":"Campa\u00f1a de adecuaci\u00f3n de pasos de peatones en Requena"},"content":{"rendered":"<p><figure id=\"attachment_16632\" aria-describedby=\"caption-attachment-16632\" style=\"width: 300px\" class=\"wp-caption alignleft\"><a href=\"https:\/\/www.tucomarca.com\/wordpress\/segunda\/?attachment_id=16632\" rel=\"attachment wp-att-16632\"><img loading=\"lazy\" decoding=\"async\" src=\"https:\/\/www.tucomarca.com\/wordpress\/segunda\/wp-content\/uploads\/2013\/07\/Pasos-de-cebra-2-300x168.jpg\" alt=\"\" title=\"Pasos de cebra 2\" width=\"300\" height=\"168\" class=\"size-medium wp-image-16632\" srcset=\"https:\/\/www.tucomarca.com\/wordpress\/segunda\/wp-content\/uploads\/2013\/07\/Pasos-de-cebra-2-300x168.jpg 300w, https:\/\/www.tucomarca.com\/wordpress\/segunda\/wp-content\/uploads\/2013\/07\/Pasos-de-cebra-2-1024x576.jpg 1024w, https:\/\/www.tucomarca.com\/wordpress\/segunda\/wp-content\/uploads\/2013\/07\/Pasos-de-cebra-2.jpg 1632w\" sizes=\"auto, (max-width: 300px) 100vw, 300px\" \/><\/a><figcaption id=\"caption-attachment-16632\" class=\"wp-caption-text\">Pasos de cebra adecuados en Requena. tc.c<\/figcaption><\/figure>A finales de la pasada semana se iniciaron las tareas de pintado de pasos de peatones en el n\u00facleo urbano de Requena. Las tareas supondr\u00e1n la renovaci\u00f3n de los pasos con mayor tr\u00e1nsito o que hayan sufrido un mayor desgaste desde la \u00faltima campa\u00f1a de pintado.<br \/>\nLas tareas a realizar supondr\u00e1n el repintado de puntos de la se\u00f1alizaci\u00f3n horizontal ya existentes, principalmente en zonas de pavimento adoquinado, cuyas caracter\u00edsticas hacen que el desgaste sea mayor con la rodadura de veh\u00edculos y episodios de lluvia. Es por ello que, los principales viales en que se llevar\u00e1n a cabo las tareas ser\u00e1n las calles Constituci\u00f3n y Albacete, adem\u00e1s de la avenida Arrabal, Batanejo y otros pasos peatonales puntuales en las diferentes zonas del n\u00facleo urbano.<br \/>\nCon est\u00e1s tareas se pretende preservar y garantizar la seguridad de los peatones frente al tr\u00e1fico rodado. Los trabajos ser\u00e1n acometidos directamente por la brigada municipal de obras y servicios. <\/p>\n","protected":false},"excerpt":{"rendered":"<div class=\"mh-excerpt\">A finales de la pasada semana se iniciaron las tareas de pintado de pasos de peatones en el n\u00facleo urbano de Requena. Las tareas supondr\u00e1n la renovaci\u00f3n de los pasos con mayor tr\u00e1nsito o que <a class=\"mh-excerpt-more\" href=\"https:\/\/www.tucomarca.com\/wordpress\/segunda\/campana-de-adecuacion-de-pasos-de-peatones-en-requena\/\" title=\"Campa\u00f1a de adecuaci\u00f3n de pasos de peatones en Requena\">[+] <\/a><\/div>\n","protected":false},"author":2,"featured_media":16632,"comment_status":"open","ping_status":"open","sticky":false,"template":"","format":"standard","meta":{"footnotes":""},"categories":[128,8,28,27,3,45],"tags":[1489,239,10388],"class_list":{"0":"post-16631","1":"post","2":"type-post","3":"status-publish","4":"format-standard","5":"has-post-thumbnail","7":"category-infraestructuras","8":"category-la-comarca","9":"category-requena","10":"category-requena-utiel","11":"category-seccion","12":"category-ventana","13":"tag-paso-de-peatones","14":"tag-pintado","15":"tag-requena"},"_links":{"self":[{"href":"https:\/\/www.tucomarca.com\/wordpress\/segunda\/wp-json\/wp\/v2\/posts\/16631","targetHints":{"allow":["GET"]}}],"collection":[{"href":"https:\/\/www.tucomarca.com\/wordpress\/segunda\/wp-json\/wp\/v2\/posts"}],"about":[{"href":"https:\/\/www.tucomarca.com\/wordpress\/segunda\/wp-json\/wp\/v2\/types\/post"}],"author":[{"embeddable":true,"href":"https:\/\/www.tucomarca.com\/wordpress\/segunda\/wp-json\/wp\/v2\/users\/2"}],"replies":[{"embeddable":true,"href":"https:\/\/www.tucomarca.com\/wordpress\/segunda\/wp-json\/wp\/v2\/comments?post=16631"}],"version-history":[{"count":0,"href":"https:\/\/www.tucomarca.com\/wordpress\/segunda\/wp-json\/wp\/v2\/posts\/16631\/revisions"}],"wp:featuredmedia":[{"embeddable":true,"href":"https:\/\/www.tucomarca.com\/wordpress\/segunda\/wp-json\/wp\/v2\/media\/16632"}],"wp:attachment":[{"href":"https:\/\/www.tucomarca.com\/wordpress\/segunda\/wp-json\/wp\/v2\/media?parent=16631"}],"wp:term":[{"taxonomy":"category","embeddable":true,"href":"https:\/\/www.tucomarca.com\/wordpress\/segunda\/wp-json\/wp\/v2\/categories?post=16631"},{"taxonomy":"post_tag","embeddable":true,"href":"https:\/\/www.tucomarca.com\/wordpress\/segunda\/wp-json\/wp\/v2\/tags?post=16631"}],"curies":[{"name":"wp","href":"https:\/\/api.w.org\/{rel}","templated":true}]}}