{"id":166980,"date":"2022-08-29T18:00:00","date_gmt":"2022-08-29T16:00:00","guid":{"rendered":"https:\/\/www.tucomarca.com\/wordpress\/segunda\/?p=166980"},"modified":"2022-09-14T14:56:18","modified_gmt":"2022-09-14T12:56:18","slug":"video-el-gran-fondo-internacional-vuelve-a-las-calles-de-siete-aguas","status":"publish","type":"post","link":"https:\/\/www.tucomarca.com\/wordpress\/segunda\/video-el-gran-fondo-internacional-vuelve-a-las-calles-de-siete-aguas\/","title":{"rendered":"V\u00eddeo: el Gran Fondo Internacional vuelve a las calles de Siete Aguas"},"content":{"rendered":"\n<figure class=\"wp-block-embed is-type-video is-provider-youtube wp-block-embed-youtube wp-embed-aspect-16-9 wp-has-aspect-ratio\"><div class=\"wp-block-embed__wrapper\">\n<iframe loading=\"lazy\" title=\"XLI Gran Fondo Internacional de Siete Aguas \/ 20 Agosto 2022\" width=\"500\" height=\"281\" src=\"https:\/\/www.youtube.com\/embed\/STRjvmRypK4?feature=oembed\" frameborder=\"0\" allow=\"accelerometer; autoplay; clipboard-write; encrypted-media; gyroscope; picture-in-picture; web-share\" referrerpolicy=\"strict-origin-when-cross-origin\" allowfullscreen><\/iframe>\n<\/div><\/figure>\n\n\n\n<p>La localidad de Siete Aguas ha acogido este 20 de agosto la XLI de su Gran Fondo Internacional. Aqu\u00ed os dejamos un v\u00eddeo elaborado por el \u00e1rea de Deportes de la Diputaci\u00f3 de Val\u00e8ncia, que administra el diputado Andr\u00e9s Campos.<\/p>\n","protected":false},"excerpt":{"rendered":"<div class=\"mh-excerpt\">La localidad de Siete Aguas ha acogido este 20 de agosto la XLI de su Gran Fondo Internacional. Aqu\u00ed os dejamos un v\u00eddeo elaborado por el \u00e1rea de Deportes de la Diputaci\u00f3 de Val\u00e8ncia, que <a class=\"mh-excerpt-more\" href=\"https:\/\/www.tucomarca.com\/wordpress\/segunda\/video-el-gran-fondo-internacional-vuelve-a-las-calles-de-siete-aguas\/\" title=\"V\u00eddeo: el Gran Fondo Internacional vuelve a las calles de Siete Aguas\">[+] <\/a><\/div>\n","protected":false},"author":1,"featured_media":166986,"comment_status":"open","ping_status":"open","sticky":false,"template":"","format":"video","meta":{"footnotes":""},"categories":[98,6,8,72,10,3,12,45,26],"tags":[17740,5952,10381],"class_list":{"0":"post-166980","1":"post","2":"type-post","3":"status-publish","4":"format-video","5":"has-post-thumbnail","7":"category-atletismo","8":"category-deportes","9":"category-la-comarca","10":"category-sin-categorizar","11":"category-la-hoya","12":"category-seccion","13":"category-siete-aguas","14":"category-ventana","15":"category-video","16":"tag-gran-fondo-internacional","17":"tag-la-hoya-de-bunol-chiva","18":"tag-siete-aguas","19":"post_format-post-format-video"},"_links":{"self":[{"href":"https:\/\/www.tucomarca.com\/wordpress\/segunda\/wp-json\/wp\/v2\/posts\/166980","targetHints":{"allow":["GET"]}}],"collection":[{"href":"https:\/\/www.tucomarca.com\/wordpress\/segunda\/wp-json\/wp\/v2\/posts"}],"about":[{"href":"https:\/\/www.tucomarca.com\/wordpress\/segunda\/wp-json\/wp\/v2\/types\/post"}],"author":[{"embeddable":true,"href":"https:\/\/www.tucomarca.com\/wordpress\/segunda\/wp-json\/wp\/v2\/users\/1"}],"replies":[{"embeddable":true,"href":"https:\/\/www.tucomarca.com\/wordpress\/segunda\/wp-json\/wp\/v2\/comments?post=166980"}],"version-history":[{"count":0,"href":"https:\/\/www.tucomarca.com\/wordpress\/segunda\/wp-json\/wp\/v2\/posts\/166980\/revisions"}],"wp:featuredmedia":[{"embeddable":true,"href":"https:\/\/www.tucomarca.com\/wordpress\/segunda\/wp-json\/wp\/v2\/media\/166986"}],"wp:attachment":[{"href":"https:\/\/www.tucomarca.com\/wordpress\/segunda\/wp-json\/wp\/v2\/media?parent=166980"}],"wp:term":[{"taxonomy":"category","embeddable":true,"href":"https:\/\/www.tucomarca.com\/wordpress\/segunda\/wp-json\/wp\/v2\/categories?post=166980"},{"taxonomy":"post_tag","embeddable":true,"href":"https:\/\/www.tucomarca.com\/wordpress\/segunda\/wp-json\/wp\/v2\/tags?post=166980"}],"curies":[{"name":"wp","href":"https:\/\/api.w.org\/{rel}","templated":true}]}}