{"id":167726,"date":"2022-09-14T12:30:00","date_gmt":"2022-09-14T10:30:00","guid":{"rendered":"https:\/\/www.tucomarca.com\/wordpress\/segunda\/?p=167726"},"modified":"2022-09-14T20:35:02","modified_gmt":"2022-09-14T18:35:02","slug":"la-lluvia-mejora-el-estado-de-las-uvas-en-utiel-requena","status":"publish","type":"post","link":"https:\/\/www.tucomarca.com\/wordpress\/segunda\/la-lluvia-mejora-el-estado-de-las-uvas-en-utiel-requena\/","title":{"rendered":"La lluvia mejora el estado de las uvas en Utiel-Requena"},"content":{"rendered":"\n<p>Las \u00faltimas lluvias han favorecido a las uvas de la Denominaci\u00f3n de Origen Protegida Utiel-Requena. Seg\u00fan los viticultores, la humedad ha engordado los granos de las uvas y ha aumentado el mosto del fruto.<\/p>\n\n\n\n<p>Hasta el momento, se ha vendimiado solamente en torno al 10% del vi\u00f1edo de la zona. Informa,<strong> Luis Ib\u00e1\u00f1ez.<\/strong><\/p>\n","protected":false},"excerpt":{"rendered":"<div class=\"mh-excerpt\">Las \u00faltimas lluvias han favorecido a las uvas de la Denominaci\u00f3n de Origen Protegida Utiel-Requena. Seg\u00fan los viticultores, la humedad ha engordado los granos de las uvas y ha aumentado el mosto del fruto. Hasta <a class=\"mh-excerpt-more\" href=\"https:\/\/www.tucomarca.com\/wordpress\/segunda\/la-lluvia-mejora-el-estado-de-las-uvas-en-utiel-requena\/\" title=\"La lluvia mejora el estado de las uvas en Utiel-Requena\">[+] <\/a><\/div>\n","protected":false},"author":12,"featured_media":131909,"comment_status":"open","ping_status":"open","sticky":false,"template":"","format":"standard","meta":{"footnotes":""},"categories":[169,113,8,117,27,3,45],"tags":[13135,10387],"class_list":{"0":"post-167726","1":"post","2":"type-post","3":"status-publish","4":"format-standard","5":"has-post-thumbnail","7":"category-agricultura-la-comarca","8":"category-vinos","9":"category-la-comarca","10":"category-medio-ambiente-la-comarca","11":"category-requena-utiel","12":"category-seccion","13":"category-ventana","14":"tag-d-o-utiel-requena-2","15":"tag-requena-utiel"},"_links":{"self":[{"href":"https:\/\/www.tucomarca.com\/wordpress\/segunda\/wp-json\/wp\/v2\/posts\/167726","targetHints":{"allow":["GET"]}}],"collection":[{"href":"https:\/\/www.tucomarca.com\/wordpress\/segunda\/wp-json\/wp\/v2\/posts"}],"about":[{"href":"https:\/\/www.tucomarca.com\/wordpress\/segunda\/wp-json\/wp\/v2\/types\/post"}],"author":[{"embeddable":true,"href":"https:\/\/www.tucomarca.com\/wordpress\/segunda\/wp-json\/wp\/v2\/users\/12"}],"replies":[{"embeddable":true,"href":"https:\/\/www.tucomarca.com\/wordpress\/segunda\/wp-json\/wp\/v2\/comments?post=167726"}],"version-history":[{"count":0,"href":"https:\/\/www.tucomarca.com\/wordpress\/segunda\/wp-json\/wp\/v2\/posts\/167726\/revisions"}],"wp:featuredmedia":[{"embeddable":true,"href":"https:\/\/www.tucomarca.com\/wordpress\/segunda\/wp-json\/wp\/v2\/media\/131909"}],"wp:attachment":[{"href":"https:\/\/www.tucomarca.com\/wordpress\/segunda\/wp-json\/wp\/v2\/media?parent=167726"}],"wp:term":[{"taxonomy":"category","embeddable":true,"href":"https:\/\/www.tucomarca.com\/wordpress\/segunda\/wp-json\/wp\/v2\/categories?post=167726"},{"taxonomy":"post_tag","embeddable":true,"href":"https:\/\/www.tucomarca.com\/wordpress\/segunda\/wp-json\/wp\/v2\/tags?post=167726"}],"curies":[{"name":"wp","href":"https:\/\/api.w.org\/{rel}","templated":true}]}}