{"id":167793,"date":"2022-09-15T10:30:00","date_gmt":"2022-09-15T08:30:00","guid":{"rendered":"https:\/\/www.tucomarca.com\/wordpress\/segunda\/?p=167793"},"modified":"2022-09-15T19:43:51","modified_gmt":"2022-09-15T17:43:51","slug":"el-programa-viu-actiu-continua-su-actividad-en-cheste-con-110-personas-inscritas","status":"publish","type":"post","link":"https:\/\/www.tucomarca.com\/wordpress\/segunda\/el-programa-viu-actiu-continua-su-actividad-en-cheste-con-110-personas-inscritas\/","title":{"rendered":"<strong>El programa Viu Actiu contin\u00faa su actividad en Cheste con 110 personas inscritas<\/strong>"},"content":{"rendered":"\n<h4 class=\"wp-block-heading\">El servicio de asesoramiento y prescripci\u00f3n de ejercicio f\u00edsico individualizado Viu Actiu arranc\u00f3 en septiembre su actividad, tras las vacaciones de agosto.<\/h4>\n\n\n\n<figure class=\"wp-block-image size-full\"><img loading=\"lazy\" decoding=\"async\" width=\"886\" height=\"591\" src=\"https:\/\/www.tucomarca.com\/wordpress\/segunda\/wp-content\/uploads\/2022\/09\/Cheste_Viu-Actiu_5.jpg\" alt=\"\" class=\"wp-image-167797\" srcset=\"https:\/\/www.tucomarca.com\/wordpress\/segunda\/wp-content\/uploads\/2022\/09\/Cheste_Viu-Actiu_5.jpg 886w, https:\/\/www.tucomarca.com\/wordpress\/segunda\/wp-content\/uploads\/2022\/09\/Cheste_Viu-Actiu_5-300x200.jpg 300w, https:\/\/www.tucomarca.com\/wordpress\/segunda\/wp-content\/uploads\/2022\/09\/Cheste_Viu-Actiu_5-768x512.jpg 768w\" sizes=\"auto, (max-width: 886px) 100vw, 886px\" \/><\/figure>\n\n\n\n<p>Tal y como ha informado la concejala de Sanidad, M\u00aa Angeles Llorente, participan en este programa 110 personas, realizando ejercicio pautado en grupos reducidos de intervenci\u00f3n con profesionales de Ciencias de la Actividad F\u00edsica y el Deporte, en coordinaci\u00f3n con los profesionales m\u00e9dicos del centro de Salud de Cheste. \u201cEl programa tiene dos objetivos b\u00e1sicos: mejorar las dolencias cr\u00f3nicas y reducir la medicaci\u00f3n, instaurando h\u00e1bitos de actividad y ejercicio f\u00edsico permanente y aut\u00f3nomo\u201d, ha explicado Llorente.<\/p>\n\n\n\n<p>De forma sistem\u00e1tica, cada mes, las pautas de actividad y ejercicio f\u00edsico de las personas participantes son revisadas en el centro de Salud para comprobar la evoluci\u00f3n de cada paciente y adecuar al m\u00e1ximo las actividades que han de pautar. De esta forma, en coordinaci\u00f3n con el equipo m\u00e9dico del ambulatorio, los y las profesionales que gestionan el proyecto, estudiar\u00e1n si a trav\u00e9s de las intervenciones de actividad y ejercicio f\u00edsico se mejora la calidad de vida de los y las pacientes, se modifican sus h\u00e1bitos de vida y se modulan par\u00e1metros de cronicidad, como el dolor.<\/p>\n\n\n\n<p>\u201cViu Actiu es un proyecto innovador y de alto valor cualitativo por el que la concejal\u00eda de Sanidad ha apostado con fuerza y que se va a prolongar como m\u00ednimo 4 a\u00f1os. Se trata de un programa que se ha materializado tras mucho trabajo y despu\u00e9s de mucho tiempo, ya que pas\u00f3 por varias instancias administrativas; tuvo que ser aprobado por las Cortes Valencianas y pasar varias veces por Pleno. Es por ello que agradezco a todo el equipo de gobierno el apoyo recibido, as\u00ed como a la oposici\u00f3n su voto a favor durante las diferentes etapas por las que pas\u00f3 el proyecto\u201d, ha declarado la concejala.<\/p>\n","protected":false},"excerpt":{"rendered":"<div class=\"mh-excerpt\">El servicio de asesoramiento y prescripci\u00f3n de ejercicio f\u00edsico individualizado Viu Actiu arranc\u00f3 en septiembre su actividad, tras las vacaciones de agosto. Tal y como ha informado la concejala de Sanidad, M\u00aa Angeles Llorente, participan <a class=\"mh-excerpt-more\" href=\"https:\/\/www.tucomarca.com\/wordpress\/segunda\/el-programa-viu-actiu-continua-su-actividad-en-cheste-con-110-personas-inscritas\/\" title=\"El programa Viu Actiu contin\u00faa su actividad en Cheste con 110 personas inscritas\">[+] <\/a><\/div>\n","protected":false},"author":12,"featured_media":167795,"comment_status":"open","ping_status":"open","sticky":false,"template":"","format":"standard","meta":{"footnotes":""},"categories":[119,17,128,8,10,3],"tags":[339,5952,16854],"class_list":{"0":"post-167793","1":"post","2":"type-post","3":"status-publish","4":"format-standard","5":"has-post-thumbnail","7":"category-sanidad-la-comarca","8":"category-cheste","9":"category-infraestructuras","10":"category-la-comarca","11":"category-la-hoya","12":"category-seccion","13":"tag-cheste-2","14":"tag-la-hoya-de-bunol-chiva","15":"tag-programa-viu-actiu-cheste"},"_links":{"self":[{"href":"https:\/\/www.tucomarca.com\/wordpress\/segunda\/wp-json\/wp\/v2\/posts\/167793","targetHints":{"allow":["GET"]}}],"collection":[{"href":"https:\/\/www.tucomarca.com\/wordpress\/segunda\/wp-json\/wp\/v2\/posts"}],"about":[{"href":"https:\/\/www.tucomarca.com\/wordpress\/segunda\/wp-json\/wp\/v2\/types\/post"}],"author":[{"embeddable":true,"href":"https:\/\/www.tucomarca.com\/wordpress\/segunda\/wp-json\/wp\/v2\/users\/12"}],"replies":[{"embeddable":true,"href":"https:\/\/www.tucomarca.com\/wordpress\/segunda\/wp-json\/wp\/v2\/comments?post=167793"}],"version-history":[{"count":0,"href":"https:\/\/www.tucomarca.com\/wordpress\/segunda\/wp-json\/wp\/v2\/posts\/167793\/revisions"}],"wp:featuredmedia":[{"embeddable":true,"href":"https:\/\/www.tucomarca.com\/wordpress\/segunda\/wp-json\/wp\/v2\/media\/167795"}],"wp:attachment":[{"href":"https:\/\/www.tucomarca.com\/wordpress\/segunda\/wp-json\/wp\/v2\/media?parent=167793"}],"wp:term":[{"taxonomy":"category","embeddable":true,"href":"https:\/\/www.tucomarca.com\/wordpress\/segunda\/wp-json\/wp\/v2\/categories?post=167793"},{"taxonomy":"post_tag","embeddable":true,"href":"https:\/\/www.tucomarca.com\/wordpress\/segunda\/wp-json\/wp\/v2\/tags?post=167793"}],"curies":[{"name":"wp","href":"https:\/\/api.w.org\/{rel}","templated":true}]}}