{"id":16798,"date":"2013-07-29T19:22:54","date_gmt":"2013-07-29T16:22:54","guid":{"rendered":"http:\/\/www.tucomarca.com\/wordpress\/segunda\/?p=16798"},"modified":"2013-07-29T19:25:13","modified_gmt":"2013-07-29T16:25:13","slug":"la-concejala-de-atencion-social-de-vilamarxant-asiste-al-homenaje-a-una-usuaria-centenaria-del-programa-de-voluntariado-de-la-udp-de-la-localidad","status":"publish","type":"post","link":"https:\/\/www.tucomarca.com\/wordpress\/segunda\/la-concejala-de-atencion-social-de-vilamarxant-asiste-al-homenaje-a-una-usuaria-centenaria-del-programa-de-voluntariado-de-la-udp-de-la-localidad\/","title":{"rendered":"La Concejala de Atenci\u00f3n Social de Vilamarxant asiste al homenaje a una usuaria centenaria del programa de voluntariado de la UDP de la localidad"},"content":{"rendered":"<figure id=\"attachment_16799\" aria-describedby=\"caption-attachment-16799\" style=\"width: 300px\" class=\"wp-caption alignleft\"><a rel=\"attachment wp-att-16799\" href=\"https:\/\/www.tucomarca.com\/wordpress\/segunda\/?attachment_id=16799\"><img loading=\"lazy\" decoding=\"async\" class=\"size-medium wp-image-16799\" title=\"vilamarxant\" src=\"https:\/\/www.tucomarca.com\/wordpress\/segunda\/wp-content\/uploads\/2013\/07\/vilamarxant1-300x200.jpg\" alt=\"\" width=\"300\" height=\"200\" srcset=\"https:\/\/www.tucomarca.com\/wordpress\/segunda\/wp-content\/uploads\/2013\/07\/vilamarxant1-300x200.jpg 300w, https:\/\/www.tucomarca.com\/wordpress\/segunda\/wp-content\/uploads\/2013\/07\/vilamarxant1-1024x682.jpg 1024w\" sizes=\"auto, (max-width: 300px) 100vw, 300px\" \/><\/a><figcaption id=\"caption-attachment-16799\" class=\"wp-caption-text\">Homenajeada junto autoridades y miembros de la asociaci\u00f3n. tc.c<\/figcaption><\/figure>\n<p>La Concejala de Atenci\u00f3n Social del Ayuntamiento de Vilamarxant, Neus Cutanda, particip\u00f3, el pasado viernes, 26 de julio en el homenaje que la Uni\u00f3n Democr\u00e1tica de Pensionistas y Jubilados (UDP) rindi\u00f3 a Mar\u00eda Capdequ\u00ed, una vecina centenaria del municipio y usuaria del programa de voluntariado que esta asociaci\u00f3n proporciona a mayores dependientes que circunstancial o habitualmente se encuentren solos.<\/p>\n<p>&nbsp;<\/p>\n<p>El acto, que se celebr\u00f3 en la Casa de la Cultura de la localidad, tambi\u00e9n cont\u00f3 con la asistencia del presidente provincial de la UDP, Jos\u00e9 Sanch\u00eds; del presidente local, Tom\u00e1s Faul\u00ed, del coordinador local del programa de voluntarios, Helio Farga, as\u00ed como con numerosos socios de la entidad local que quisieron arropar a esta vecina de Vilamarxant.<\/p>\n<p>Cutanda felicit\u00f3 a Mar\u00eda Capdequ\u00ed por su \u201cmerecido homenaje\u201d al tiempo que puso de manifiesto \u201cla importante labor que realiz\u00e1is todos los voluntarios que, de manera desinteresada, ayud\u00e1is a vecinos y amigos, a trav\u00e9s de este programa social\u201d. Tambi\u00e9n agradeci\u00f3 el apoyo que el responsable provincial de esta asociaci\u00f3n ha prestado siempre al Ayuntamiento de Vilamarxant.<\/p>\n","protected":false},"excerpt":{"rendered":"<div class=\"mh-excerpt\">La Concejala de Atenci\u00f3n Social del Ayuntamiento de Vilamarxant, Neus Cutanda, particip\u00f3, el pasado viernes, 26 de julio en el homenaje que la Uni\u00f3n Democr\u00e1tica de Pensionistas y Jubilados (UDP) rindi\u00f3 a Mar\u00eda Capdequ\u00ed, una <a class=\"mh-excerpt-more\" href=\"https:\/\/www.tucomarca.com\/wordpress\/segunda\/la-concejala-de-atencion-social-de-vilamarxant-asiste-al-homenaje-a-una-usuaria-centenaria-del-programa-de-voluntariado-de-la-udp-de-la-localidad\/\" title=\"La Concejala de Atenci\u00f3n Social de Vilamarxant asiste al homenaje a una usuaria centenaria del programa de voluntariado de la UDP de la localidad\">[+] <\/a><\/div>\n","protected":false},"author":2,"featured_media":16799,"comment_status":"open","ping_status":"open","sticky":false,"template":"","format":"standard","meta":{"footnotes":""},"categories":[46,8,3,45,184],"tags":[1512,1510,1511,10439],"class_list":{"0":"post-16798","1":"post","2":"type-post","3":"status-publish","4":"format-standard","5":"has-post-thumbnail","7":"category-camp-de-turia","8":"category-la-comarca","9":"category-seccion","10":"category-ventana","11":"category-vilamarxant","12":"tag-centenaria","13":"tag-jubilados","14":"tag-udp","15":"tag-vilamarxant"},"_links":{"self":[{"href":"https:\/\/www.tucomarca.com\/wordpress\/segunda\/wp-json\/wp\/v2\/posts\/16798","targetHints":{"allow":["GET"]}}],"collection":[{"href":"https:\/\/www.tucomarca.com\/wordpress\/segunda\/wp-json\/wp\/v2\/posts"}],"about":[{"href":"https:\/\/www.tucomarca.com\/wordpress\/segunda\/wp-json\/wp\/v2\/types\/post"}],"author":[{"embeddable":true,"href":"https:\/\/www.tucomarca.com\/wordpress\/segunda\/wp-json\/wp\/v2\/users\/2"}],"replies":[{"embeddable":true,"href":"https:\/\/www.tucomarca.com\/wordpress\/segunda\/wp-json\/wp\/v2\/comments?post=16798"}],"version-history":[{"count":0,"href":"https:\/\/www.tucomarca.com\/wordpress\/segunda\/wp-json\/wp\/v2\/posts\/16798\/revisions"}],"wp:featuredmedia":[{"embeddable":true,"href":"https:\/\/www.tucomarca.com\/wordpress\/segunda\/wp-json\/wp\/v2\/media\/16799"}],"wp:attachment":[{"href":"https:\/\/www.tucomarca.com\/wordpress\/segunda\/wp-json\/wp\/v2\/media?parent=16798"}],"wp:term":[{"taxonomy":"category","embeddable":true,"href":"https:\/\/www.tucomarca.com\/wordpress\/segunda\/wp-json\/wp\/v2\/categories?post=16798"},{"taxonomy":"post_tag","embeddable":true,"href":"https:\/\/www.tucomarca.com\/wordpress\/segunda\/wp-json\/wp\/v2\/tags?post=16798"}],"curies":[{"name":"wp","href":"https:\/\/api.w.org\/{rel}","templated":true}]}}